{"id":2968,"date":"2026-01-27T11:43:06","date_gmt":"2026-01-27T11:43:06","guid":{"rendered":"https:\/\/www.olafboehme.art\/?p=2968"},"modified":"2026-01-27T11:43:48","modified_gmt":"2026-01-27T11:43:48","slug":"zweckentfremdung","status":"publish","type":"post","link":"https:\/\/www.olafboehme.art\/?p=2968","title":{"rendered":"Zweckentfremdung"},"content":{"rendered":"\n<p>In G\u00f6rlitz hat sich jetzt ein stadtbekannter Berliner bekannt, seine Immobilien absto\u00dfen zu wollen. Ich bin ja mal gespannt, wann Dresden endlich aus den P\u00f6tten kommt und eine Zweckentfremdungssatzung verabschiedet. Bezahlbare Mietwohnungen sind Mangelware, aber nach &#8222;Sch\u00e4tzung&#8220; der Stadtverwaltung gibt es ca. 2200 Ferienwohnungen in Dresden. Die Wenigsten der geldgierigen Vermieter wissen \u00fcberhaupt um die steuerlichen Folgen oder die Genehmigungspflicht der Umnutzung. Man kann Ihnen nur w\u00fcnschen, dasss sie f\u00e4hige Steuerberater und Anw\u00e4lte haben. Oder das der Stadtrat das Thema weiter vor sich herschleppt. Das entsprechende s\u00e4chsische Gesetz ist mittlerweile 2 Jahre alt.<\/p>\n","protected":false},"excerpt":{"rendered":"<p>In G\u00f6rlitz hat sich jetzt ein stadtbekannter Berliner bekannt, seine Immobilien absto\u00dfen zu wollen. Ich bin ja mal gespannt, wann Dresden endlich aus den P\u00f6tten kommt und eine Zweckentfremdungssatzung verabschiedet. Bezahlbare Mietwohnungen sind Mangelware, aber nach &#8222;Sch\u00e4tzung&#8220; der Stadtverwaltung gibt es ca. 2200 Ferienwohnungen in Dresden. Die Wenigsten der geldgierigen Vermieter wissen \u00fcberhaupt um die &hellip; <a href=\"https:\/\/www.olafboehme.art\/?p=2968\" class=\"more-link\"><span class=\"screen-reader-text\">\u201eZweckentfremdung\u201c <\/span>weiterlesen<\/a><\/p>\n","protected":false},"author":1,"featured_media":0,"comment_status":"closed","ping_status":"","sticky":false,"template":"","format":"standard","meta":{"footnotes":""},"categories":[10],"tags":[],"class_list":["post-2968","post","type-post","status-publish","format-standard","hentry","category-gedanke-zum-tage"],"_links":{"self":[{"href":"https:\/\/www.olafboehme.art\/index.php?rest_route=\/wp\/v2\/posts\/2968","targetHints":{"allow":["GET"]}}],"collection":[{"href":"https:\/\/www.olafboehme.art\/index.php?rest_route=\/wp\/v2\/posts"}],"about":[{"href":"https:\/\/www.olafboehme.art\/index.php?rest_route=\/wp\/v2\/types\/post"}],"author":[{"embeddable":true,"href":"https:\/\/www.olafboehme.art\/index.php?rest_route=\/wp\/v2\/users\/1"}],"replies":[{"embeddable":true,"href":"https:\/\/www.olafboehme.art\/index.php?rest_route=%2Fwp%2Fv2%2Fcomments&post=2968"}],"version-history":[{"count":2,"href":"https:\/\/www.olafboehme.art\/index.php?rest_route=\/wp\/v2\/posts\/2968\/revisions"}],"predecessor-version":[{"id":2970,"href":"https:\/\/www.olafboehme.art\/index.php?rest_route=\/wp\/v2\/posts\/2968\/revisions\/2970"}],"wp:attachment":[{"href":"https:\/\/www.olafboehme.art\/index.php?rest_route=%2Fwp%2Fv2%2Fmedia&parent=2968"}],"wp:term":[{"taxonomy":"category","embeddable":true,"href":"https:\/\/www.olafboehme.art\/index.php?rest_route=%2Fwp%2Fv2%2Fcategories&post=2968"},{"taxonomy":"post_tag","embeddable":true,"href":"https:\/\/www.olafboehme.art\/index.php?rest_route=%2Fwp%2Fv2%2Ftags&post=2968"}],"curies":[{"name":"wp","href":"https:\/\/api.w.org\/{rel}","templated":true}]}}