{"id":2895,"date":"2025-11-24T11:30:31","date_gmt":"2025-11-24T11:30:31","guid":{"rendered":"https:\/\/www.olafboehme.art\/?p=2895"},"modified":"2026-01-01T10:04:17","modified_gmt":"2026-01-01T10:04:17","slug":"hinter-glas","status":"publish","type":"post","link":"https:\/\/www.olafboehme.art\/?p=2895","title":{"rendered":"Hinter Glas"},"content":{"rendered":"\n<p>Meine in den letzten Wochen fast aus der Not geborene K\u00fcchentischarbeit an den Wochenend-Vormittagen hat zu einer Serie von ganz unterschiedlichen Hinterglasmalereien gef\u00fchrt. <\/p>\n\n\n\n<p>Inspiriert von meinem Besuch in der Berliner Galerie Judin und den dort damals ausgestellten Arbeiten von <a href=\"https:\/\/www.galeriejudin.com\/2025-philipp-furhofer-idyll-and-apocalypse\/\" data-type=\"link\" data-id=\"https:\/\/www.galeriejudin.com\/2025-philipp-furhofer-idyll-and-apocalypse\/\">Philipp F\u00fcrhofer<\/a> habe ich mich mal wieder mit Acrylfarben besch\u00e4ftigt und einer f\u00fcr mich v\u00f6llig neuen Technik gewidmet.<\/p>\n\n\n\n<p><a href=\"https:\/\/de.wikipedia.org\/wiki\/Hinterglasmalerei\" data-type=\"link\" data-id=\"https:\/\/de.wikipedia.org\/wiki\/Hinterglasmalerei\">Anders als bei einem Gem\u00e4lde wird die Farbe auf der R\u00fcckseite des Bildtr\u00e4gers aufgetragen, wobei alle Motive und Schriftz\u00fcge seitenverkehrt gemalt werden und auch die Reihenfolge der Arbeitsschritte umgekehrt wird: Zuerst werden die Konturen gezeichnet, dann die Schraffuren und Schatten, Beschriftungen und Details, danach werden die Motive ausgemalt und ganz zum Schluss schlie\u00dft der Hintergrund die restliche Bildfl\u00e4che.<\/a><\/p>\n\n\n\n<figure class=\"wp-block-image size-large\"><img loading=\"lazy\" decoding=\"async\" width=\"836\" height=\"1024\" src=\"https:\/\/www.olafboehme.art\/wp-content\/uploads\/2025\/11\/20251012_150409-836x1024.jpg\" alt=\"\" class=\"wp-image-2882\" srcset=\"https:\/\/www.olafboehme.art\/wp-content\/uploads\/2025\/11\/20251012_150409-836x1024.jpg 836w, https:\/\/www.olafboehme.art\/wp-content\/uploads\/2025\/11\/20251012_150409-245x300.jpg 245w, https:\/\/www.olafboehme.art\/wp-content\/uploads\/2025\/11\/20251012_150409-768x941.jpg 768w, https:\/\/www.olafboehme.art\/wp-content\/uploads\/2025\/11\/20251012_150409.jpg 1044w\" sizes=\"auto, (max-width: 709px) 85vw, (max-width: 909px) 67vw, (max-width: 984px) 61vw, (max-width: 1362px) 45vw, 600px\" \/><\/figure>\n\n\n\n<p><em>Der gefallene Riese<\/em><\/p>\n\n\n\n<p>Die Technik erfordert bei einer freien Malerei ein gr\u00fcndliches Nachdenken. Beginnend mit der spiegelverkehrten Darstellung, dem Aufbau der Schichten von vorn nach hinten und dem f\u00fcr mich v\u00f6llig ungewohnten irreversiblen Auftrag der Schichten ist es auch ein St\u00fcck weit ein Lernprozess.<\/p>\n\n\n\n<figure class=\"wp-block-image size-large\"><img loading=\"lazy\" decoding=\"async\" width=\"1024\" height=\"1024\" src=\"https:\/\/www.olafboehme.art\/wp-content\/uploads\/2025\/11\/20251031_085838-1024x1024.jpg\" alt=\"\" class=\"wp-image-2879\" srcset=\"https:\/\/www.olafboehme.art\/wp-content\/uploads\/2025\/11\/20251031_085838-1024x1024.jpg 1024w, https:\/\/www.olafboehme.art\/wp-content\/uploads\/2025\/11\/20251031_085838-300x300.jpg 300w, https:\/\/www.olafboehme.art\/wp-content\/uploads\/2025\/11\/20251031_085838-150x150.jpg 150w, https:\/\/www.olafboehme.art\/wp-content\/uploads\/2025\/11\/20251031_085838-768x768.jpg 768w, https:\/\/www.olafboehme.art\/wp-content\/uploads\/2025\/11\/20251031_085838-1536x1536.jpg 1536w, https:\/\/www.olafboehme.art\/wp-content\/uploads\/2025\/11\/20251031_085838-2048x2048.jpg 2048w, https:\/\/www.olafboehme.art\/wp-content\/uploads\/2025\/11\/20251031_085838-1200x1200.jpg 1200w\" sizes=\"auto, (max-width: 709px) 85vw, (max-width: 909px) 67vw, (max-width: 1362px) 62vw, 840px\" \/><\/figure>\n\n\n\n<p><em>Die H\u00f6lle<\/em><\/p>\n\n\n\n<p>Allein die Entscheidung, wann eine Schicht &#8222;fertig&#8220; ist und der spannende Moment, wenn man das Glas umdreht und sich das Zwischenergebnis anschaut, setzen Prozesse in Gang. Man hat ein Bild ja weitestgehend im Kopf, bevor man anf\u00e4ngt. Und wenn man nicht als geduldigster Vertreter gilt, muss man zwangsl\u00e4ufig seine Pl\u00e4ne spontan etwas anpassen.<\/p>\n\n\n\n<p><\/p>\n\n\n\n<figure class=\"wp-block-image size-large\"><img loading=\"lazy\" decoding=\"async\" width=\"1024\" height=\"1024\" src=\"https:\/\/www.olafboehme.art\/wp-content\/uploads\/2025\/11\/20251109_133308-1024x1024.jpg\" alt=\"\" class=\"wp-image-2878\" srcset=\"https:\/\/www.olafboehme.art\/wp-content\/uploads\/2025\/11\/20251109_133308-1024x1024.jpg 1024w, https:\/\/www.olafboehme.art\/wp-content\/uploads\/2025\/11\/20251109_133308-300x300.jpg 300w, https:\/\/www.olafboehme.art\/wp-content\/uploads\/2025\/11\/20251109_133308-150x150.jpg 150w, https:\/\/www.olafboehme.art\/wp-content\/uploads\/2025\/11\/20251109_133308-768x768.jpg 768w, https:\/\/www.olafboehme.art\/wp-content\/uploads\/2025\/11\/20251109_133308-1536x1536.jpg 1536w, https:\/\/www.olafboehme.art\/wp-content\/uploads\/2025\/11\/20251109_133308-2048x2048.jpg 2048w, https:\/\/www.olafboehme.art\/wp-content\/uploads\/2025\/11\/20251109_133308-1200x1200.jpg 1200w\" sizes=\"auto, (max-width: 709px) 85vw, (max-width: 909px) 67vw, (max-width: 1362px) 62vw, 840px\" \/><\/figure>\n\n\n\n<p><em>Birkenw\u00e4ldchen<\/em><\/p>\n\n\n\n<p>Hinzu kommt, dass sich dem Betrachter bei wechselndem Tageslicht und den damit verbundenen Spiegelungen auf dem Glas jedes Mal ein etwas anderer Eindruck vermittelt. Selbst die krampfhaften Versuche, mit meinem Smartphone Fotos mit realistischer Farbwiedergabe zu fertigen, sind bisher kl\u00e4glich gescheitert.<\/p>\n\n\n\n<figure class=\"wp-block-image size-large\"><img loading=\"lazy\" decoding=\"async\" width=\"858\" height=\"1024\" src=\"https:\/\/www.olafboehme.art\/wp-content\/uploads\/2025\/11\/20251115_112734-858x1024.jpg\" alt=\"\" class=\"wp-image-2877\" srcset=\"https:\/\/www.olafboehme.art\/wp-content\/uploads\/2025\/11\/20251115_112734-858x1024.jpg 858w, https:\/\/www.olafboehme.art\/wp-content\/uploads\/2025\/11\/20251115_112734-251x300.jpg 251w, https:\/\/www.olafboehme.art\/wp-content\/uploads\/2025\/11\/20251115_112734-768x916.jpg 768w, https:\/\/www.olafboehme.art\/wp-content\/uploads\/2025\/11\/20251115_112734-1287x1536.jpg 1287w, https:\/\/www.olafboehme.art\/wp-content\/uploads\/2025\/11\/20251115_112734-1716x2048.jpg 1716w, https:\/\/www.olafboehme.art\/wp-content\/uploads\/2025\/11\/20251115_112734-1200x1432.jpg 1200w\" sizes=\"auto, (max-width: 709px) 85vw, (max-width: 909px) 67vw, (max-width: 1362px) 62vw, 840px\" \/><\/figure>\n\n\n\n<p><em>\u00dcber allen Wipfeln ist Ruh<\/em><\/p>\n\n\n\n<p>Es ist eine etwas in Vergessenheit geratene Technik und ob Ihrer N\u00e4he zur Darstellung \u00fcberwiegend religi\u00f6ser Themen in fr\u00fcheren Jahrhunderten wohl auch nicht unbedingt zeitgeistig. Mit heutigen Mitteln kann man aber auch sehr kreativ sein und sich quasi austoben.<\/p>\n\n\n\n<figure class=\"wp-block-image size-large\"><img loading=\"lazy\" decoding=\"async\" width=\"1024\" height=\"1002\" src=\"https:\/\/www.olafboehme.art\/wp-content\/uploads\/2025\/11\/20251123_080902-1024x1002.jpg\" alt=\"\" class=\"wp-image-2894\" srcset=\"https:\/\/www.olafboehme.art\/wp-content\/uploads\/2025\/11\/20251123_080902-1024x1002.jpg 1024w, https:\/\/www.olafboehme.art\/wp-content\/uploads\/2025\/11\/20251123_080902-300x294.jpg 300w, https:\/\/www.olafboehme.art\/wp-content\/uploads\/2025\/11\/20251123_080902-768x751.jpg 768w, https:\/\/www.olafboehme.art\/wp-content\/uploads\/2025\/11\/20251123_080902-1536x1503.jpg 1536w, https:\/\/www.olafboehme.art\/wp-content\/uploads\/2025\/11\/20251123_080902-2048x2004.jpg 2048w, https:\/\/www.olafboehme.art\/wp-content\/uploads\/2025\/11\/20251123_080902-1200x1174.jpg 1200w\" sizes=\"auto, (max-width: 709px) 85vw, (max-width: 909px) 67vw, (max-width: 1362px) 62vw, 840px\" \/><\/figure>\n\n\n\n<p><em>Leonore oder das zerbrochene Glas<\/em><\/p>\n\n\n\n<p>Angesichts der Vielzahl unfertiger Leinw\u00e4nde sollte dieses Bild als Versuch eines Portr\u00e4ts erst einmal der Abschluss sein. Anstatt von Acrylglas habe ich hier einfach das Bilderglas des Wechselrahmens verwendet. Was ich nicht bedacht hatte ist, dass exzessives und zu hei\u00dfes F\u00f6nen der Farbschichten durchaus bei Glas zu Spannungen f\u00fchren kann. Als ich es umdrehen wollte, hatte ich pl\u00f6tzlich ein sauber in zwei Teile gespaltenes Glas vor mir. Das war insofern \u00e4rgerlich, weil ich das Portr\u00e4t schon fertig angelegt hatte.<\/p>\n\n\n\n<p>Also beschloss ich, den Fauxpas zum Teil der Komposition zu erkl\u00e4ren und einfach weiter zu machen. \ud83d\ude42<\/p>\n\n\n\n<p>Mit einer weiteren Scheibe als Schutz ist es hoffentlich stabil und sicher genug.<\/p>\n\n\n\n<p>In unserer K\u00fcche gab es in den letzten Monaten \u00f6fter mal Bruch. Das Universum will es offenbar so.<\/p>\n\n\n\n<p>Der Versuch, den Effekt des sich mystisch \u00e4ndernden Bildes, wie man es von bunten Kirchenfenstern kennt, nachzustellen, ist noch nicht ganz gelungen.<\/p>\n\n\n\n<figure class=\"wp-block-image size-large\"><img loading=\"lazy\" decoding=\"async\" width=\"1024\" height=\"867\" src=\"https:\/\/www.olafboehme.art\/wp-content\/uploads\/2025\/11\/20251018_184019-1024x867.jpg\" alt=\"\" class=\"wp-image-2880\" srcset=\"https:\/\/www.olafboehme.art\/wp-content\/uploads\/2025\/11\/20251018_184019-1024x867.jpg 1024w, https:\/\/www.olafboehme.art\/wp-content\/uploads\/2025\/11\/20251018_184019-300x254.jpg 300w, https:\/\/www.olafboehme.art\/wp-content\/uploads\/2025\/11\/20251018_184019-768x651.jpg 768w, https:\/\/www.olafboehme.art\/wp-content\/uploads\/2025\/11\/20251018_184019-1536x1301.jpg 1536w, https:\/\/www.olafboehme.art\/wp-content\/uploads\/2025\/11\/20251018_184019-1200x1017.jpg 1200w, https:\/\/www.olafboehme.art\/wp-content\/uploads\/2025\/11\/20251018_184019.jpg 1583w\" sizes=\"auto, (max-width: 709px) 85vw, (max-width: 909px) 67vw, (max-width: 1362px) 62vw, 840px\" \/><\/figure>\n\n\n\n<p>Auf dem Foto beleuchtete eine Schreibtschlampe das Glas von hinten. Also dachte ich mir mal wieder &#8222;dem Ingenieur ist nichts zu schw\u00f6r&#8220;, kaufte einen klassischen Rahmen f\u00fcr eine Leinwand, ein LED-Lichtband und eine wei\u00df beschichtete R\u00fcckwand.<\/p>\n\n\n\n<figure class=\"wp-block-image size-large\"><img loading=\"lazy\" decoding=\"async\" width=\"1024\" height=\"1024\" src=\"https:\/\/www.olafboehme.art\/wp-content\/uploads\/2025\/11\/zwischenstand-1024x1024.jpg\" alt=\"\" class=\"wp-image-2906\" srcset=\"https:\/\/www.olafboehme.art\/wp-content\/uploads\/2025\/11\/zwischenstand-1024x1024.jpg 1024w, https:\/\/www.olafboehme.art\/wp-content\/uploads\/2025\/11\/zwischenstand-300x300.jpg 300w, https:\/\/www.olafboehme.art\/wp-content\/uploads\/2025\/11\/zwischenstand-150x150.jpg 150w, https:\/\/www.olafboehme.art\/wp-content\/uploads\/2025\/11\/zwischenstand-768x768.jpg 768w, https:\/\/www.olafboehme.art\/wp-content\/uploads\/2025\/11\/zwischenstand-1536x1536.jpg 1536w, https:\/\/www.olafboehme.art\/wp-content\/uploads\/2025\/11\/zwischenstand-2048x2048.jpg 2048w, https:\/\/www.olafboehme.art\/wp-content\/uploads\/2025\/11\/zwischenstand-1200x1200.jpg 1200w\" sizes=\"auto, (max-width: 709px) 85vw, (max-width: 909px) 67vw, (max-width: 1362px) 62vw, 840px\" \/><\/figure>\n\n\n\n<p><em>Zwischenstand vor den Optimierungsversuchen<\/em><\/p>\n\n\n\n<p>Leider ist der Effekt ein etwas anderer. Abstandshalter, eine schwarze Abschlu\u00dfschicht an den R\u00e4ndern (um die Lichtpunkte von au\u00dfen unsichtbar zu machen) und zugleich die Lichtst\u00e4rke im Zentrum des Bildes zu erh\u00f6hen, f\u00fchrten nicht zum beabsichtigten Effekt.<\/p>\n\n\n\n<p>Zu sehen wird es sein beim Kunstmarkt im Pirnaer Rathaus am 13.\/14.12.. Eventuell baue ich die Konstruktion danach wieder auseinander und fahnde nach einer LED-L\u00f6sung mit h\u00f6herer Leuchtkraft. <\/p>\n","protected":false},"excerpt":{"rendered":"<p>Meine in den letzten Wochen fast aus der Not geborene K\u00fcchentischarbeit an den Wochenend-Vormittagen hat zu einer Serie von ganz unterschiedlichen Hinterglasmalereien gef\u00fchrt. Inspiriert von meinem Besuch in der Berliner Galerie Judin und den dort damals ausgestellten Arbeiten von Philipp F\u00fcrhofer habe ich mich mal wieder mit Acrylfarben besch\u00e4ftigt und einer f\u00fcr mich v\u00f6llig neuen &hellip; <a href=\"https:\/\/www.olafboehme.art\/?p=2895\" class=\"more-link\"><span class=\"screen-reader-text\">\u201eHinter Glas\u201c <\/span>weiterlesen<\/a><\/p>\n","protected":false},"author":1,"featured_media":0,"comment_status":"closed","ping_status":"","sticky":false,"template":"","format":"standard","meta":{"footnotes":""},"categories":[9,12],"tags":[],"class_list":["post-2895","post","type-post","status-publish","format-standard","hentry","category-kultur","category-kunst"],"_links":{"self":[{"href":"https:\/\/www.olafboehme.art\/index.php?rest_route=\/wp\/v2\/posts\/2895","targetHints":{"allow":["GET"]}}],"collection":[{"href":"https:\/\/www.olafboehme.art\/index.php?rest_route=\/wp\/v2\/posts"}],"about":[{"href":"https:\/\/www.olafboehme.art\/index.php?rest_route=\/wp\/v2\/types\/post"}],"author":[{"embeddable":true,"href":"https:\/\/www.olafboehme.art\/index.php?rest_route=\/wp\/v2\/users\/1"}],"replies":[{"embeddable":true,"href":"https:\/\/www.olafboehme.art\/index.php?rest_route=%2Fwp%2Fv2%2Fcomments&post=2895"}],"version-history":[{"count":10,"href":"https:\/\/www.olafboehme.art\/index.php?rest_route=\/wp\/v2\/posts\/2895\/revisions"}],"predecessor-version":[{"id":2943,"href":"https:\/\/www.olafboehme.art\/index.php?rest_route=\/wp\/v2\/posts\/2895\/revisions\/2943"}],"wp:attachment":[{"href":"https:\/\/www.olafboehme.art\/index.php?rest_route=%2Fwp%2Fv2%2Fmedia&parent=2895"}],"wp:term":[{"taxonomy":"category","embeddable":true,"href":"https:\/\/www.olafboehme.art\/index.php?rest_route=%2Fwp%2Fv2%2Fcategories&post=2895"},{"taxonomy":"post_tag","embeddable":true,"href":"https:\/\/www.olafboehme.art\/index.php?rest_route=%2Fwp%2Fv2%2Ftags&post=2895"}],"curies":[{"name":"wp","href":"https:\/\/api.w.org\/{rel}","templated":true}]}}