{"id":2840,"date":"2025-08-18T11:47:42","date_gmt":"2025-08-18T11:47:42","guid":{"rendered":"https:\/\/www.olafboehme.art\/?p=2840"},"modified":"2025-08-18T11:47:42","modified_gmt":"2025-08-18T11:47:42","slug":"rituale-und-entdeckungen","status":"publish","type":"post","link":"https:\/\/www.olafboehme.art\/?p=2840","title":{"rendered":"Rituale und Entdeckungen"},"content":{"rendered":"\n<p>Ein R\u00fcgen-Urlaub ohne Radtouren und Galeriebesuchen ist eigentlich undenkbar. Dieses Mal haben wir es endlich geschafft, mal nach Sellin zu radeln  und nach der wenig erbaulichen Geige-Gitarre-Stra\u00dfenmusik an der Seebr\u00fccke die etwas abseits in der alten Feuerwache gelegene Galerie von Knut Hartwig zu besuchen.<\/p>\n\n\n\n<figure class=\"wp-block-image size-large\"><img loading=\"lazy\" decoding=\"async\" width=\"1024\" height=\"683\" src=\"https:\/\/www.olafboehme.art\/wp-content\/uploads\/2025\/08\/windfinder04-1920x1280-1-1024x683.jpg\" alt=\"\" class=\"wp-image-2841\" srcset=\"https:\/\/www.olafboehme.art\/wp-content\/uploads\/2025\/08\/windfinder04-1920x1280-1-1024x683.jpg 1024w, https:\/\/www.olafboehme.art\/wp-content\/uploads\/2025\/08\/windfinder04-1920x1280-1-300x200.jpg 300w, https:\/\/www.olafboehme.art\/wp-content\/uploads\/2025\/08\/windfinder04-1920x1280-1-768x512.jpg 768w, https:\/\/www.olafboehme.art\/wp-content\/uploads\/2025\/08\/windfinder04-1920x1280-1-1536x1024.jpg 1536w, https:\/\/www.olafboehme.art\/wp-content\/uploads\/2025\/08\/windfinder04-1920x1280-1-1200x800.jpg 1200w, https:\/\/www.olafboehme.art\/wp-content\/uploads\/2025\/08\/windfinder04-1920x1280-1.jpg 1920w\" sizes=\"auto, (max-width: 709px) 85vw, (max-width: 909px) 67vw, (max-width: 1362px) 62vw, 840px\" \/><\/figure>\n\n\n\n<p>Was sofort auff\u00e4llt, ist die Auswahl der K\u00fcnstler, welche die aktuelle Sommerausstellung best\u00fcckt haben. Neben dem geb\u00fcrtigen Pirnaer Maik Wolf, dessen Bild wohl nicht zuf\u00e4llig Luiza zur Assoziation mit den Bildern von Cornelia Schleime brachte, den Ateliernachbarn meines Heros Jonas Burgert, Christian Achenbach, Lennart Grau oder Axel Geis, um nur Einige zu nennen.<\/p>\n\n\n\n<p>Man muss schon sehr lieben was man tut und jede Menge Beharrungsverm\u00f6gen haben, um sich auf dem Kunstmarkt nicht nur zu behaupten, sondern auch etwas auf die Beine zu stellen, was man sonst eher in Berlin, aber nicht auf dem M\u00f6nchgut erwartet. Chapeau!<\/p>\n\n\n\n<figure class=\"wp-block-embed is-type-wp-embed is-provider-galerie-hartwich wp-block-embed-galerie-hartwich\"><div class=\"wp-block-embed__wrapper\">\n<blockquote class=\"wp-embedded-content\" data-secret=\"osI0vBT9qU\"><a href=\"https:\/\/www.galerie-hartwich.de\/windfinder\/\">Windfinder<\/a><\/blockquote><iframe loading=\"lazy\" class=\"wp-embedded-content\" sandbox=\"allow-scripts\" security=\"restricted\" style=\"position: absolute; visibility: hidden;\" title=\"&#8222;Windfinder&#8220; &#8212; Galerie Hartwich\" src=\"https:\/\/www.galerie-hartwich.de\/windfinder\/embed\/#?secret=nYvAkMBjq3#?secret=osI0vBT9qU\" data-secret=\"osI0vBT9qU\" width=\"600\" height=\"338\" frameborder=\"0\" marginwidth=\"0\" marginheight=\"0\" scrolling=\"no\"><\/iframe>\n<\/div><\/figure>\n\n\n\n<p><a href=\"https:\/\/de.wikipedia.org\/wiki\/Chapeau!\"><\/a><\/p>\n\n\n\n<p><a href=\"https:\/\/de.wikipedia.org\/wiki\/Chapeau!\"><\/a><\/p>\n\n\n\n<p><a href=\"https:\/\/de.wikipedia.org\/wiki\/Chapeau!\"><\/a><\/p>\n","protected":false},"excerpt":{"rendered":"<p>Ein R\u00fcgen-Urlaub ohne Radtouren und Galeriebesuchen ist eigentlich undenkbar. Dieses Mal haben wir es endlich geschafft, mal nach Sellin zu radeln und nach der wenig erbaulichen Geige-Gitarre-Stra\u00dfenmusik an der Seebr\u00fccke die etwas abseits in der alten Feuerwache gelegene Galerie von Knut Hartwig zu besuchen. Was sofort auff\u00e4llt, ist die Auswahl der K\u00fcnstler, welche die aktuelle &hellip; <a href=\"https:\/\/www.olafboehme.art\/?p=2840\" class=\"more-link\"><span class=\"screen-reader-text\">\u201eRituale und Entdeckungen\u201c <\/span>weiterlesen<\/a><\/p>\n","protected":false},"author":1,"featured_media":0,"comment_status":"closed","ping_status":"","sticky":false,"template":"","format":"standard","meta":{"footnotes":""},"categories":[9,12],"tags":[],"class_list":["post-2840","post","type-post","status-publish","format-standard","hentry","category-kultur","category-kunst"],"_links":{"self":[{"href":"https:\/\/www.olafboehme.art\/index.php?rest_route=\/wp\/v2\/posts\/2840","targetHints":{"allow":["GET"]}}],"collection":[{"href":"https:\/\/www.olafboehme.art\/index.php?rest_route=\/wp\/v2\/posts"}],"about":[{"href":"https:\/\/www.olafboehme.art\/index.php?rest_route=\/wp\/v2\/types\/post"}],"author":[{"embeddable":true,"href":"https:\/\/www.olafboehme.art\/index.php?rest_route=\/wp\/v2\/users\/1"}],"replies":[{"embeddable":true,"href":"https:\/\/www.olafboehme.art\/index.php?rest_route=%2Fwp%2Fv2%2Fcomments&post=2840"}],"version-history":[{"count":1,"href":"https:\/\/www.olafboehme.art\/index.php?rest_route=\/wp\/v2\/posts\/2840\/revisions"}],"predecessor-version":[{"id":2842,"href":"https:\/\/www.olafboehme.art\/index.php?rest_route=\/wp\/v2\/posts\/2840\/revisions\/2842"}],"wp:attachment":[{"href":"https:\/\/www.olafboehme.art\/index.php?rest_route=%2Fwp%2Fv2%2Fmedia&parent=2840"}],"wp:term":[{"taxonomy":"category","embeddable":true,"href":"https:\/\/www.olafboehme.art\/index.php?rest_route=%2Fwp%2Fv2%2Fcategories&post=2840"},{"taxonomy":"post_tag","embeddable":true,"href":"https:\/\/www.olafboehme.art\/index.php?rest_route=%2Fwp%2Fv2%2Ftags&post=2840"}],"curies":[{"name":"wp","href":"https:\/\/api.w.org\/{rel}","templated":true}]}}