{"id":2834,"date":"2025-08-15T11:11:06","date_gmt":"2025-08-15T11:11:06","guid":{"rendered":"https:\/\/www.olafboehme.art\/?p=2834"},"modified":"2025-08-26T10:53:29","modified_gmt":"2025-08-26T10:53:29","slug":"blind-date","status":"publish","type":"post","link":"https:\/\/www.olafboehme.art\/?p=2834","title":{"rendered":"Blind Date"},"content":{"rendered":"\n<p>Nun ist es schon wieder 4 Jahre her, dass ich mich nach Belgrad aufgemacht habe, um mich das erste Mal mit Lisotschka zu treffen. Davor war es schon aufregend durch Corona, Putins Streichung aller touristischer Fl\u00fcge in die T\u00fcrkei, was nach gef\u00fchlt w\u00f6chentlichen Umbuchungen zur Stornierung der Reise 2 Tage vor Abflug f\u00fchrte. <\/p>\n\n\n\n<figure class=\"wp-block-image size-large\"><img loading=\"lazy\" decoding=\"async\" width=\"768\" height=\"1024\" src=\"https:\/\/www.olafboehme.art\/wp-content\/uploads\/2025\/08\/IMG_20210806_100814-768x1024.jpg\" alt=\"\" class=\"wp-image-2835\" srcset=\"https:\/\/www.olafboehme.art\/wp-content\/uploads\/2025\/08\/IMG_20210806_100814-768x1024.jpg 768w, https:\/\/www.olafboehme.art\/wp-content\/uploads\/2025\/08\/IMG_20210806_100814-225x300.jpg 225w, https:\/\/www.olafboehme.art\/wp-content\/uploads\/2025\/08\/IMG_20210806_100814-1152x1536.jpg 1152w, https:\/\/www.olafboehme.art\/wp-content\/uploads\/2025\/08\/IMG_20210806_100814-1536x2048.jpg 1536w, https:\/\/www.olafboehme.art\/wp-content\/uploads\/2025\/08\/IMG_20210806_100814-1200x1600.jpg 1200w, https:\/\/www.olafboehme.art\/wp-content\/uploads\/2025\/08\/IMG_20210806_100814-scaled.jpg 1920w\" sizes=\"auto, (max-width: 709px) 85vw, (max-width: 909px) 67vw, (max-width: 984px) 61vw, (max-width: 1362px) 45vw, 600px\" \/><\/figure>\n\n\n\n<p>Gleich am ersten Tag in Belgrad haben wir unseren Lieblingsplatz gefunden, das Supermarket Deli. Das beste Fr\u00fchst\u00fcck in Belgrad und der beste Platz, um das skurille Treiben zu beobachten. <\/p>\n\n\n\n<p>Ein Jahr sp\u00e4ter an Ostern, als ich dort allein meinen Geburtstag in der Oper verbrachte und auf sie wartete, schwand meine Zuneigung zu Air Serbia gewaltig. Zu offensichtlich nutzte die Staatsairline ihr Monopol und \u00fcberbuchte die \u00fcberteuerten Fl\u00fcge. Aber als Lisotschka nach 4 Tagen eisernen Wartens in Scheremetjewo doch noch kam, wu\u00dfte ich sofort, dass sie etwas Besonderes ist. W\u00e4hrend ich planm\u00e4\u00dfig im Flieger zur\u00fcck nach Berlin sass, musste sie eine Nacht l\u00e4nger am Flughafen ausharren, um dann \u00fcber Sotschi zur\u00fcck nach Moskau zu fliegen. Immerhin haben wir noch Novak Djokovic bei seinem Heimspiel Tennis spielen sehen.<\/p>\n\n\n\n<figure class=\"wp-block-image size-large\"><img loading=\"lazy\" decoding=\"async\" width=\"768\" height=\"1024\" src=\"https:\/\/www.olafboehme.art\/wp-content\/uploads\/2025\/08\/IMG_20220420_173932-768x1024.jpg\" alt=\"\" class=\"wp-image-2837\" srcset=\"https:\/\/www.olafboehme.art\/wp-content\/uploads\/2025\/08\/IMG_20220420_173932-768x1024.jpg 768w, https:\/\/www.olafboehme.art\/wp-content\/uploads\/2025\/08\/IMG_20220420_173932-225x300.jpg 225w, https:\/\/www.olafboehme.art\/wp-content\/uploads\/2025\/08\/IMG_20220420_173932-1152x1536.jpg 1152w, https:\/\/www.olafboehme.art\/wp-content\/uploads\/2025\/08\/IMG_20220420_173932-1536x2048.jpg 1536w, https:\/\/www.olafboehme.art\/wp-content\/uploads\/2025\/08\/IMG_20220420_173932-1200x1600.jpg 1200w, https:\/\/www.olafboehme.art\/wp-content\/uploads\/2025\/08\/IMG_20220420_173932-scaled.jpg 1920w\" sizes=\"auto, (max-width: 709px) 85vw, (max-width: 909px) 67vw, (max-width: 984px) 61vw, (max-width: 1362px) 45vw, 600px\" \/><\/figure>\n\n\n\n<p>So eindeutig waren kurz nach Kriegsbeginn die Sympathien in Belgrad auch nicht verteilt. Da wurde aus dem russischen Bruder schnell mal eine Ratte.<\/p>\n\n\n\n<figure class=\"wp-block-image size-large\"><img loading=\"lazy\" decoding=\"async\" width=\"1024\" height=\"768\" src=\"https:\/\/www.olafboehme.art\/wp-content\/uploads\/2025\/08\/IMG_20220417_134036-1024x768.jpg\" alt=\"\" class=\"wp-image-2836\" srcset=\"https:\/\/www.olafboehme.art\/wp-content\/uploads\/2025\/08\/IMG_20220417_134036-1024x768.jpg 1024w, https:\/\/www.olafboehme.art\/wp-content\/uploads\/2025\/08\/IMG_20220417_134036-300x225.jpg 300w, https:\/\/www.olafboehme.art\/wp-content\/uploads\/2025\/08\/IMG_20220417_134036-768x576.jpg 768w, https:\/\/www.olafboehme.art\/wp-content\/uploads\/2025\/08\/IMG_20220417_134036-1536x1152.jpg 1536w, https:\/\/www.olafboehme.art\/wp-content\/uploads\/2025\/08\/IMG_20220417_134036-2048x1536.jpg 2048w, https:\/\/www.olafboehme.art\/wp-content\/uploads\/2025\/08\/IMG_20220417_134036-1200x900.jpg 1200w\" sizes=\"auto, (max-width: 709px) 85vw, (max-width: 909px) 67vw, (max-width: 1362px) 62vw, 840px\" \/><\/figure>\n\n\n\n<p>Im August 2022 konnte ich Sie dann das erste Mal zu mir holen. Damals war es noch nicht absehbar, dass wir weitere 18 Monate Kampf vor uns hatten. <\/p>\n\n\n\n<figure class=\"wp-block-image size-large\"><img loading=\"lazy\" decoding=\"async\" width=\"768\" height=\"1024\" src=\"https:\/\/www.olafboehme.art\/wp-content\/uploads\/2025\/08\/IMG_20220811_161931-768x1024.jpg\" alt=\"\" class=\"wp-image-2838\" srcset=\"https:\/\/www.olafboehme.art\/wp-content\/uploads\/2025\/08\/IMG_20220811_161931-768x1024.jpg 768w, https:\/\/www.olafboehme.art\/wp-content\/uploads\/2025\/08\/IMG_20220811_161931-225x300.jpg 225w, https:\/\/www.olafboehme.art\/wp-content\/uploads\/2025\/08\/IMG_20220811_161931-1152x1536.jpg 1152w, https:\/\/www.olafboehme.art\/wp-content\/uploads\/2025\/08\/IMG_20220811_161931-1536x2048.jpg 1536w, https:\/\/www.olafboehme.art\/wp-content\/uploads\/2025\/08\/IMG_20220811_161931-1200x1600.jpg 1200w, https:\/\/www.olafboehme.art\/wp-content\/uploads\/2025\/08\/IMG_20220811_161931-scaled.jpg 1920w\" sizes=\"auto, (max-width: 709px) 85vw, (max-width: 909px) 67vw, (max-width: 984px) 61vw, (max-width: 1362px) 45vw, 600px\" \/><\/figure>\n\n\n\n<p>Am Ende f\u00fcgt sich alles und 3 Jahre nach dem Seeed-Konzert in Berlin war es naheliegend, unser Galerieprojekt Hale Bopp zu nennen.<\/p>\n\n\n\n<figure class=\"wp-block-embed is-type-video is-provider-youtube wp-block-embed-youtube wp-embed-aspect-16-9 wp-has-aspect-ratio\"><div class=\"wp-block-embed__wrapper\">\n<iframe loading=\"lazy\" title=\"SEEED: &quot;Hale-Bopp&quot;\" width=\"840\" height=\"473\" src=\"https:\/\/www.youtube.com\/embed\/wK6rwNi_gx4?feature=oembed\" frameborder=\"0\" allow=\"accelerometer; autoplay; clipboard-write; encrypted-media; gyroscope; picture-in-picture; web-share\" referrerpolicy=\"strict-origin-when-cross-origin\" allowfullscreen><\/iframe>\n<\/div><\/figure>\n","protected":false},"excerpt":{"rendered":"<p>Nun ist es schon wieder 4 Jahre her, dass ich mich nach Belgrad aufgemacht habe, um mich das erste Mal mit Lisotschka zu treffen. Davor war es schon aufregend durch Corona, Putins Streichung aller touristischer Fl\u00fcge in die T\u00fcrkei, was nach gef\u00fchlt w\u00f6chentlichen Umbuchungen zur Stornierung der Reise 2 Tage vor Abflug f\u00fchrte. Gleich am &hellip; <a href=\"https:\/\/www.olafboehme.art\/?p=2834\" class=\"more-link\"><span class=\"screen-reader-text\">\u201eBlind Date\u201c <\/span>weiterlesen<\/a><\/p>\n","protected":false},"author":1,"featured_media":0,"comment_status":"closed","ping_status":"","sticky":false,"template":"","format":"standard","meta":{"footnotes":""},"categories":[10],"tags":[],"class_list":["post-2834","post","type-post","status-publish","format-standard","hentry","category-gedanke-zum-tage"],"_links":{"self":[{"href":"https:\/\/www.olafboehme.art\/index.php?rest_route=\/wp\/v2\/posts\/2834","targetHints":{"allow":["GET"]}}],"collection":[{"href":"https:\/\/www.olafboehme.art\/index.php?rest_route=\/wp\/v2\/posts"}],"about":[{"href":"https:\/\/www.olafboehme.art\/index.php?rest_route=\/wp\/v2\/types\/post"}],"author":[{"embeddable":true,"href":"https:\/\/www.olafboehme.art\/index.php?rest_route=\/wp\/v2\/users\/1"}],"replies":[{"embeddable":true,"href":"https:\/\/www.olafboehme.art\/index.php?rest_route=%2Fwp%2Fv2%2Fcomments&post=2834"}],"version-history":[{"count":1,"href":"https:\/\/www.olafboehme.art\/index.php?rest_route=\/wp\/v2\/posts\/2834\/revisions"}],"predecessor-version":[{"id":2839,"href":"https:\/\/www.olafboehme.art\/index.php?rest_route=\/wp\/v2\/posts\/2834\/revisions\/2839"}],"wp:attachment":[{"href":"https:\/\/www.olafboehme.art\/index.php?rest_route=%2Fwp%2Fv2%2Fmedia&parent=2834"}],"wp:term":[{"taxonomy":"category","embeddable":true,"href":"https:\/\/www.olafboehme.art\/index.php?rest_route=%2Fwp%2Fv2%2Fcategories&post=2834"},{"taxonomy":"post_tag","embeddable":true,"href":"https:\/\/www.olafboehme.art\/index.php?rest_route=%2Fwp%2Fv2%2Ftags&post=2834"}],"curies":[{"name":"wp","href":"https:\/\/api.w.org\/{rel}","templated":true}]}}