{"id":2698,"date":"2025-02-14T15:45:56","date_gmt":"2025-02-14T15:45:56","guid":{"rendered":"https:\/\/www.olafboehme.art\/?p=2698"},"modified":"2025-02-14T15:56:31","modified_gmt":"2025-02-14T15:56:31","slug":"was-die-bohemians-so-ergiessen","status":"publish","type":"post","link":"https:\/\/www.olafboehme.art\/?p=2698","title":{"rendered":"Was die Bohemians so ergie\u00dfen"},"content":{"rendered":"\n<p>Irgendwann im Leben trifft es vielleicht Jeden. Diametrale Auffassungen vom Leben und eine Vehemenz, die fr\u00fcher oder sp\u00e4ter eskaliert und nur Schlacke in der Seele zur\u00fcckl\u00e4\u00dft, wenn erstmal alles verbrannt ist. Das Paradoxe daran ist, dass sich diese Muster durchaus wiederholen. Inneren Frieden wird man dann aber nicht finden. Die Asche muss erst einmal raus, bevor man neue Feuer entz\u00fcndet. Herr Pestak wei\u00df das auch, steht auf offenbar auf diese Art Frauen. Viele seiner Texte drehen sich um genau dieses Thema.<\/p>\n\n\n\n<figure class=\"wp-block-image size-large\"><img loading=\"lazy\" decoding=\"async\" width=\"820\" height=\"1024\" src=\"https:\/\/www.olafboehme.art\/wp-content\/uploads\/2025\/02\/476618215_1179787816868486_1353384171959532015_n-820x1024.jpg\" alt=\"\" class=\"wp-image-2697\" srcset=\"https:\/\/www.olafboehme.art\/wp-content\/uploads\/2025\/02\/476618215_1179787816868486_1353384171959532015_n-820x1024.jpg 820w, https:\/\/www.olafboehme.art\/wp-content\/uploads\/2025\/02\/476618215_1179787816868486_1353384171959532015_n-240x300.jpg 240w, https:\/\/www.olafboehme.art\/wp-content\/uploads\/2025\/02\/476618215_1179787816868486_1353384171959532015_n-768x960.jpg 768w, https:\/\/www.olafboehme.art\/wp-content\/uploads\/2025\/02\/476618215_1179787816868486_1353384171959532015_n-1229x1536.jpg 1229w, https:\/\/www.olafboehme.art\/wp-content\/uploads\/2025\/02\/476618215_1179787816868486_1353384171959532015_n-1200x1499.jpg 1200w, https:\/\/www.olafboehme.art\/wp-content\/uploads\/2025\/02\/476618215_1179787816868486_1353384171959532015_n.jpg 1639w\" sizes=\"auto, (max-width: 709px) 85vw, (max-width: 909px) 67vw, (max-width: 984px) 61vw, (max-width: 1362px) 45vw, 600px\" \/><\/figure>\n","protected":false},"excerpt":{"rendered":"<p>Irgendwann im Leben trifft es vielleicht Jeden. Diametrale Auffassungen vom Leben und eine Vehemenz, die fr\u00fcher oder sp\u00e4ter eskaliert und nur Schlacke in der Seele zur\u00fcckl\u00e4\u00dft, wenn erstmal alles verbrannt ist. Das Paradoxe daran ist, dass sich diese Muster durchaus wiederholen. Inneren Frieden wird man dann aber nicht finden. Die Asche muss erst einmal raus, &hellip; <a href=\"https:\/\/www.olafboehme.art\/?p=2698\" class=\"more-link\"><span class=\"screen-reader-text\">\u201eWas die Bohemians so ergie\u00dfen\u201c <\/span>weiterlesen<\/a><\/p>\n","protected":false},"author":1,"featured_media":0,"comment_status":"closed","ping_status":"","sticky":false,"template":"","format":"standard","meta":{"footnotes":""},"categories":[10],"tags":[],"class_list":["post-2698","post","type-post","status-publish","format-standard","hentry","category-gedanke-zum-tage"],"_links":{"self":[{"href":"https:\/\/www.olafboehme.art\/index.php?rest_route=\/wp\/v2\/posts\/2698","targetHints":{"allow":["GET"]}}],"collection":[{"href":"https:\/\/www.olafboehme.art\/index.php?rest_route=\/wp\/v2\/posts"}],"about":[{"href":"https:\/\/www.olafboehme.art\/index.php?rest_route=\/wp\/v2\/types\/post"}],"author":[{"embeddable":true,"href":"https:\/\/www.olafboehme.art\/index.php?rest_route=\/wp\/v2\/users\/1"}],"replies":[{"embeddable":true,"href":"https:\/\/www.olafboehme.art\/index.php?rest_route=%2Fwp%2Fv2%2Fcomments&post=2698"}],"version-history":[{"count":1,"href":"https:\/\/www.olafboehme.art\/index.php?rest_route=\/wp\/v2\/posts\/2698\/revisions"}],"predecessor-version":[{"id":2699,"href":"https:\/\/www.olafboehme.art\/index.php?rest_route=\/wp\/v2\/posts\/2698\/revisions\/2699"}],"wp:attachment":[{"href":"https:\/\/www.olafboehme.art\/index.php?rest_route=%2Fwp%2Fv2%2Fmedia&parent=2698"}],"wp:term":[{"taxonomy":"category","embeddable":true,"href":"https:\/\/www.olafboehme.art\/index.php?rest_route=%2Fwp%2Fv2%2Fcategories&post=2698"},{"taxonomy":"post_tag","embeddable":true,"href":"https:\/\/www.olafboehme.art\/index.php?rest_route=%2Fwp%2Fv2%2Ftags&post=2698"}],"curies":[{"name":"wp","href":"https:\/\/api.w.org\/{rel}","templated":true}]}}