{"id":2440,"date":"2024-04-15T11:18:00","date_gmt":"2024-04-15T11:18:00","guid":{"rendered":"https:\/\/olafboehme.art\/?p=2440"},"modified":"2024-05-03T07:58:39","modified_gmt":"2024-05-03T07:58:39","slug":"dauer-im-wechsel","status":"publish","type":"post","link":"https:\/\/www.olafboehme.art\/?p=2440","title":{"rendered":"Dauer im Wechsel"},"content":{"rendered":"\n<figure class=\"wp-block-image size-large\"><img loading=\"lazy\" decoding=\"async\" width=\"1024\" height=\"684\" src=\"http:\/\/olafboehme.art\/wp-content\/uploads\/2024\/04\/Ballon100-1024x684.jpg\" alt=\"\" class=\"wp-image-2429\" srcset=\"https:\/\/www.olafboehme.art\/wp-content\/uploads\/2024\/04\/Ballon100-1024x684.jpg 1024w, https:\/\/www.olafboehme.art\/wp-content\/uploads\/2024\/04\/Ballon100-300x200.jpg 300w, https:\/\/www.olafboehme.art\/wp-content\/uploads\/2024\/04\/Ballon100-768x513.jpg 768w, https:\/\/www.olafboehme.art\/wp-content\/uploads\/2024\/04\/Ballon100-1536x1026.jpg 1536w, https:\/\/www.olafboehme.art\/wp-content\/uploads\/2024\/04\/Ballon100-2048x1368.jpg 2048w, https:\/\/www.olafboehme.art\/wp-content\/uploads\/2024\/04\/Ballon100-1200x801.jpg 1200w, https:\/\/www.olafboehme.art\/wp-content\/uploads\/2024\/04\/Ballon100-250x167.jpg 250w, https:\/\/www.olafboehme.art\/wp-content\/uploads\/2024\/04\/Ballon100-400x267.jpg 400w\" sizes=\"auto, (max-width: 709px) 85vw, (max-width: 909px) 67vw, (max-width: 1362px) 62vw, 840px\" \/><\/figure>\n\n\n\n<p><\/p>\n\n\n\n<p>Hielte diesen fr\u00fchen Segen,<br>Ach, nur eine Stunde fest!<br>Aber vollen Bl\u00fctenregen<br>Sch\u00fcttelt schon der laue West.<br>Soll ich mich des Gr\u00fcnen freuen,<br>Dem ich Schatten erst verdankt?<br>Bald wird Sturm auch das zerstreuen,<br>Wenn es falb im Herbst geschwankt.<br>\u00a0<br>Willst du nach den Fr\u00fcchten greifen,<br>Eilig nimm dein Teil davon!<br>Diese fangen an zu reifen,<br>Und die andern keimen schon;<br>Gleich mit jedem Regengusse<br>\u00c4ndert sich dein holdes Tal,<br>Ach, und in demselben Flusse<br>Schwimmst du nicht zum Zweitenmal.<br>\u00a0<br>Du nun selbst! Was felsenfeste<br>Sich vor dir hervorgetan,<br>Mauern siehst du, siehst Pal\u00e4ste<br>Stets mit andern Augen an.<br>Weggeschwunden ist die Lippe,<br>Die im Kusse sonst genas,<br>Jener Fu\u00df, der an der Klippe<br>Sich mit Gemsenfreche ma\u00df.<br>\u00a0<br>Jene Hand, die gern und milde<br>Sich bewegte, wohlzutun,<br>Das gegliederte Gebilde,<br>Alles ist ein andres nun.<br>Und was sich an jener Stelle<br>Nun mit deinem Namen nennt,<br>Kam herbei wie eine Welle,<br>Und so eilt&#8217;s zum Element.<br>\u00a0<br>La\u00df den Anfang mit dem Ende<br>Sich in eins zusammenzieh&#8217;n!<br>Schneller als die Gegenst\u00e4nde<br>Selber dich vor\u00fcberflieh&#8217;n.<br>Danke, da\u00df die Gunst der Musen<br>Unverg\u00e4ngliches verhei\u00dft:<br>Den Gehalt in deinem Busen<br>Und die Form in deinem Geist.<\/p>\n\n\n\n<p>J.W. v. Goethe<\/p>\n","protected":false},"excerpt":{"rendered":"<p>Hielte diesen fr\u00fchen Segen,Ach, nur eine Stunde fest!Aber vollen Bl\u00fctenregenSch\u00fcttelt schon der laue West.Soll ich mich des Gr\u00fcnen freuen,Dem ich Schatten erst verdankt?Bald wird Sturm auch das zerstreuen,Wenn es falb im Herbst geschwankt.\u00a0Willst du nach den Fr\u00fcchten greifen,Eilig nimm dein Teil davon!Diese fangen an zu reifen,Und die andern keimen schon;Gleich mit jedem Regengusse\u00c4ndert sich dein &hellip; <a href=\"https:\/\/www.olafboehme.art\/?p=2440\" class=\"more-link\"><span class=\"screen-reader-text\">\u201eDauer im Wechsel\u201c <\/span>weiterlesen<\/a><\/p>\n","protected":false},"author":1,"featured_media":0,"comment_status":"closed","ping_status":"","sticky":false,"template":"","format":"standard","meta":{"footnotes":""},"categories":[10,12],"tags":[],"class_list":["post-2440","post","type-post","status-publish","format-standard","hentry","category-gedanke-zum-tage","category-kunst"],"_links":{"self":[{"href":"https:\/\/www.olafboehme.art\/index.php?rest_route=\/wp\/v2\/posts\/2440","targetHints":{"allow":["GET"]}}],"collection":[{"href":"https:\/\/www.olafboehme.art\/index.php?rest_route=\/wp\/v2\/posts"}],"about":[{"href":"https:\/\/www.olafboehme.art\/index.php?rest_route=\/wp\/v2\/types\/post"}],"author":[{"embeddable":true,"href":"https:\/\/www.olafboehme.art\/index.php?rest_route=\/wp\/v2\/users\/1"}],"replies":[{"embeddable":true,"href":"https:\/\/www.olafboehme.art\/index.php?rest_route=%2Fwp%2Fv2%2Fcomments&post=2440"}],"version-history":[{"count":1,"href":"https:\/\/www.olafboehme.art\/index.php?rest_route=\/wp\/v2\/posts\/2440\/revisions"}],"predecessor-version":[{"id":2441,"href":"https:\/\/www.olafboehme.art\/index.php?rest_route=\/wp\/v2\/posts\/2440\/revisions\/2441"}],"wp:attachment":[{"href":"https:\/\/www.olafboehme.art\/index.php?rest_route=%2Fwp%2Fv2%2Fmedia&parent=2440"}],"wp:term":[{"taxonomy":"category","embeddable":true,"href":"https:\/\/www.olafboehme.art\/index.php?rest_route=%2Fwp%2Fv2%2Fcategories&post=2440"},{"taxonomy":"post_tag","embeddable":true,"href":"https:\/\/www.olafboehme.art\/index.php?rest_route=%2Fwp%2Fv2%2Ftags&post=2440"}],"curies":[{"name":"wp","href":"https:\/\/api.w.org\/{rel}","templated":true}]}}