{"id":2372,"date":"2024-02-21T13:36:51","date_gmt":"2024-02-21T13:36:51","guid":{"rendered":"https:\/\/olafboehme.art\/?p=2372"},"modified":"2024-02-21T13:38:00","modified_gmt":"2024-02-21T13:38:00","slug":"kunstoffen-in-sachsen-2024","status":"publish","type":"post","link":"https:\/\/www.olafboehme.art\/?p=2372","title":{"rendered":"Kunst:offen in Sachsen 2024"},"content":{"rendered":"\n<p>Pfingsten ist wieder <strong>Kunst:offen in Sachsen<\/strong>. Ich bin dabei und \u00f6ffne meine T\u00fcr am <strong>Sonntag, dem 19. Mai von 10-18 Uhr<\/strong>. <\/p>\n\n\n\n<figure class=\"wp-block-image size-full\"><img loading=\"lazy\" decoding=\"async\" width=\"645\" height=\"914\" src=\"http:\/\/olafboehme.art\/wp-content\/uploads\/2024\/02\/Kunstoffen.jpg\" alt=\"\" class=\"wp-image-2371\" srcset=\"https:\/\/www.olafboehme.art\/wp-content\/uploads\/2024\/02\/Kunstoffen.jpg 645w, https:\/\/www.olafboehme.art\/wp-content\/uploads\/2024\/02\/Kunstoffen-212x300.jpg 212w, https:\/\/www.olafboehme.art\/wp-content\/uploads\/2024\/02\/Kunstoffen-250x354.jpg 250w, https:\/\/www.olafboehme.art\/wp-content\/uploads\/2024\/02\/Kunstoffen-400x567.jpg 400w\" sizes=\"auto, (max-width: 709px) 85vw, (max-width: 909px) 67vw, (max-width: 984px) 61vw, (max-width: 1362px) 45vw, 600px\" \/><\/figure>\n\n\n\n<p><\/p>\n\n\n\n<p>wo: Max-Schwarze-Stra\u00dfe 2 in Pirna<\/p>\n\n\n\n<p>was: Bilder, Kaffee und Kuchen<\/p>\n\n\n\n<p>Ich freue mich auf Besucher und interessante Gespr\u00e4che! <\/p>\n","protected":false},"excerpt":{"rendered":"<p>Pfingsten ist wieder Kunst:offen in Sachsen. Ich bin dabei und \u00f6ffne meine T\u00fcr am Sonntag, dem 19. Mai von 10-18 Uhr. wo: Max-Schwarze-Stra\u00dfe 2 in Pirna was: Bilder, Kaffee und Kuchen Ich freue mich auf Besucher und interessante Gespr\u00e4che!<\/p>\n","protected":false},"author":1,"featured_media":0,"comment_status":"closed","ping_status":"","sticky":false,"template":"","format":"standard","meta":{"footnotes":""},"categories":[9],"tags":[],"class_list":["post-2372","post","type-post","status-publish","format-standard","hentry","category-kultur"],"_links":{"self":[{"href":"https:\/\/www.olafboehme.art\/index.php?rest_route=\/wp\/v2\/posts\/2372","targetHints":{"allow":["GET"]}}],"collection":[{"href":"https:\/\/www.olafboehme.art\/index.php?rest_route=\/wp\/v2\/posts"}],"about":[{"href":"https:\/\/www.olafboehme.art\/index.php?rest_route=\/wp\/v2\/types\/post"}],"author":[{"embeddable":true,"href":"https:\/\/www.olafboehme.art\/index.php?rest_route=\/wp\/v2\/users\/1"}],"replies":[{"embeddable":true,"href":"https:\/\/www.olafboehme.art\/index.php?rest_route=%2Fwp%2Fv2%2Fcomments&post=2372"}],"version-history":[{"count":2,"href":"https:\/\/www.olafboehme.art\/index.php?rest_route=\/wp\/v2\/posts\/2372\/revisions"}],"predecessor-version":[{"id":2374,"href":"https:\/\/www.olafboehme.art\/index.php?rest_route=\/wp\/v2\/posts\/2372\/revisions\/2374"}],"wp:attachment":[{"href":"https:\/\/www.olafboehme.art\/index.php?rest_route=%2Fwp%2Fv2%2Fmedia&parent=2372"}],"wp:term":[{"taxonomy":"category","embeddable":true,"href":"https:\/\/www.olafboehme.art\/index.php?rest_route=%2Fwp%2Fv2%2Fcategories&post=2372"},{"taxonomy":"post_tag","embeddable":true,"href":"https:\/\/www.olafboehme.art\/index.php?rest_route=%2Fwp%2Fv2%2Ftags&post=2372"}],"curies":[{"name":"wp","href":"https:\/\/api.w.org\/{rel}","templated":true}]}}