{"id":2327,"date":"2024-01-16T22:06:32","date_gmt":"2024-01-16T22:06:32","guid":{"rendered":"https:\/\/olafboehme.art\/?p=2327"},"modified":"2024-01-22T16:21:18","modified_gmt":"2024-01-22T16:21:18","slug":"bleib-du-selbst","status":"publish","type":"post","link":"https:\/\/www.olafboehme.art\/?p=2327","title":{"rendered":"Bleib Du selbst!"},"content":{"rendered":"\n<p>Als mir heute eine liebe Freundin erz\u00e4hlte, dass sie lieber ihre Ideen verfolgt als sich in Wiederholungen zu ergehen, welche gerade en vogue und verk\u00e4uflich sind, dachte ich nur &#8222;genau!&#8220;. Immer mal was Neues ausprobieren, Entwicklung, Lernen, bei sich bleiben&#8230;<\/p>\n\n\n\n<p>Anfang 1988 war ich in der letzten, der X. Kunstausstellung der DDR im Albertinum. Ja, die mit Uwe Pfeifers &#8222;Auf dem Wege&#8220;, Mattheuers &#8222;Jahrhundertschritt&#8220;, aber auch den &#8222;Sowjetsoldaten&#8220; oder zwei bunten Schw\u00fcngen auf Papier usw.  Ich war kurz davor, mein Technikstudium nach einem Semester &#8220; zu schmei\u00dfen, bei den SKD als Aufsicht zu verdingen und mich f\u00fcr ein Kunststudium zu bewerben. Nach dem Ausstellungsbesuch lief ich mit dem Katalog unterm Arm \u00fcber die Augustusbr\u00fccke und kehrte im Eiscafe Venezia auf der Hauptstra\u00dfe, korrigiere damals &#8222;Kristall und Stra\u00dfe der Befreiung&#8220;, ein. Der Laden war voll und ein Ehepaar setzte sich zu mir an den Tisch. Der Mann fragte nach dem Katalog und ob ich auch male. Er stellte sich als Handwerker aus Radebeul vor und bot mir an, gegen Entgelt aus einem Abstammungsnachweis aus finsteren Zeiten einen richtigen &#8222;Stammbaum&#8220;  f\u00fcr ihn zu machen. Ich lehnte damals ab.<\/p>\n\n\n\n<p>Das Leben hatte einen anderen Plan und so wurde statt des K\u00fcnstlers ein Dipl.-Wirtsch.-Ing. aus mir. Heute wie damals male ich nur, wenn ich Lust dazu habe, wie und worauf ich Lust habe. Ich denke, das sollte auch Sinn und Zweck sein.<\/p>\n\n\n\n<p>Oder wie die Freundin es heute nannte: &#8222;Authentisch bleiben!&#8220;. Alles Andere ist ein Ausdruck mangelnden Selbstwertgef\u00fchls und h\u00f6chstgradig manipulativ.<\/p>\n\n\n\n<p>Die meisten Menschen haben sowieso einen Instinkt daf\u00fcr.<\/p>\n\n\n\n<p><\/p>\n\n\n\n<p><\/p>\n","protected":false},"excerpt":{"rendered":"<p>Als mir heute eine liebe Freundin erz\u00e4hlte, dass sie lieber ihre Ideen verfolgt als sich in Wiederholungen zu ergehen, welche gerade en vogue und verk\u00e4uflich sind, dachte ich nur &#8222;genau!&#8220;. Immer mal was Neues ausprobieren, Entwicklung, Lernen, bei sich bleiben&#8230; Anfang 1988 war ich in der letzten, der X. Kunstausstellung der DDR im Albertinum. Ja, &hellip; <a href=\"https:\/\/www.olafboehme.art\/?p=2327\" class=\"more-link\"><span class=\"screen-reader-text\">\u201eBleib Du selbst!\u201c <\/span>weiterlesen<\/a><\/p>\n","protected":false},"author":1,"featured_media":0,"comment_status":"closed","ping_status":"","sticky":false,"template":"","format":"standard","meta":{"footnotes":""},"categories":[10],"tags":[],"class_list":["post-2327","post","type-post","status-publish","format-standard","hentry","category-gedanke-zum-tage"],"_links":{"self":[{"href":"https:\/\/www.olafboehme.art\/index.php?rest_route=\/wp\/v2\/posts\/2327","targetHints":{"allow":["GET"]}}],"collection":[{"href":"https:\/\/www.olafboehme.art\/index.php?rest_route=\/wp\/v2\/posts"}],"about":[{"href":"https:\/\/www.olafboehme.art\/index.php?rest_route=\/wp\/v2\/types\/post"}],"author":[{"embeddable":true,"href":"https:\/\/www.olafboehme.art\/index.php?rest_route=\/wp\/v2\/users\/1"}],"replies":[{"embeddable":true,"href":"https:\/\/www.olafboehme.art\/index.php?rest_route=%2Fwp%2Fv2%2Fcomments&post=2327"}],"version-history":[{"count":8,"href":"https:\/\/www.olafboehme.art\/index.php?rest_route=\/wp\/v2\/posts\/2327\/revisions"}],"predecessor-version":[{"id":2345,"href":"https:\/\/www.olafboehme.art\/index.php?rest_route=\/wp\/v2\/posts\/2327\/revisions\/2345"}],"wp:attachment":[{"href":"https:\/\/www.olafboehme.art\/index.php?rest_route=%2Fwp%2Fv2%2Fmedia&parent=2327"}],"wp:term":[{"taxonomy":"category","embeddable":true,"href":"https:\/\/www.olafboehme.art\/index.php?rest_route=%2Fwp%2Fv2%2Fcategories&post=2327"},{"taxonomy":"post_tag","embeddable":true,"href":"https:\/\/www.olafboehme.art\/index.php?rest_route=%2Fwp%2Fv2%2Ftags&post=2327"}],"curies":[{"name":"wp","href":"https:\/\/api.w.org\/{rel}","templated":true}]}}