{"id":2217,"date":"2023-12-11T11:59:52","date_gmt":"2023-12-11T11:59:52","guid":{"rendered":"https:\/\/olafboehme.art\/?p=2217"},"modified":"2023-12-11T12:03:31","modified_gmt":"2023-12-11T12:03:31","slug":"schoen-war-es","status":"publish","type":"post","link":"https:\/\/www.olafboehme.art\/?p=2217","title":{"rendered":"Sch\u00f6n war es!"},"content":{"rendered":"\n<p>Auch wenn es ein ziemlicher logistischer Aufwand in vorgeblich besinnlicher Zeit ist &#8211; es macht auch Spa\u00df. Und abseits von Verk\u00e4ufen bekommt man so viel nettes Feedback, dass es auch motivierend ist. Es ist einfach gut f\u00fcr die Seele, dass andere Menschen Freude an dem haben, wof\u00fcr man selbst brennt. Und sei es nur das Am\u00fcsement \u00fcber die Felidae-Mafia. Ich hoffe, die verkauften Bilder bereiten ihren neuen Besitzern lange Freude.<\/p>\n\n\n<div class=\"rl-gallery-container rl-loading\" id=\"rl-gallery-container-1\" data-gallery_id=\"2211\"> <div class=\"rl-gallery rl-basicgrid-gallery \" id=\"rl-gallery-1\" data-gallery_no=\"1\"> <div class=\"rl-gallery-item\"><a href=\"https:\/\/www.olafboehme.art\/wp-content\/uploads\/2023\/12\/Werbemotiv-Kunstmarkt-2023-1024x724.jpg\" title=\"Titelseite Postkarte_Kunstmarkt_2023.indd\" data-rl_title=\"Titelseite Postkarte_Kunstmarkt_2023.indd\" class=\"rl-gallery-link\" data-rl_caption=\"\" data-rel=\"lightbox-gallery-1\"><img loading=\"lazy\" decoding=\"async\" src=\"https:\/\/www.olafboehme.art\/wp-content\/uploads\/2023\/12\/Werbemotiv-Kunstmarkt-2023-1024x724.jpg\" width=\"840\" height=\"594\" alt=\"\"\/><\/a><\/div><div class=\"rl-gallery-item\"><a href=\"https:\/\/www.olafboehme.art\/wp-content\/uploads\/2023\/12\/20231209_103037-1024x1024.jpg\" title=\"20231209_103037\" data-rl_title=\"20231209_103037\" class=\"rl-gallery-link\" data-rl_caption=\"\" data-rel=\"lightbox-gallery-1\"><img loading=\"lazy\" decoding=\"async\" src=\"https:\/\/www.olafboehme.art\/wp-content\/uploads\/2023\/12\/20231209_103037-1024x1024.jpg\" width=\"840\" height=\"840\" alt=\"\"\/><\/a><\/div><div class=\"rl-gallery-item\"><a href=\"https:\/\/www.olafboehme.art\/wp-content\/uploads\/2023\/12\/20231209_183509-1024x1024.jpg\" title=\"20231209_183509\" data-rl_title=\"20231209_183509\" class=\"rl-gallery-link\" data-rl_caption=\"\" data-rel=\"lightbox-gallery-1\"><img loading=\"lazy\" decoding=\"async\" src=\"https:\/\/www.olafboehme.art\/wp-content\/uploads\/2023\/12\/20231209_183509-1024x1024.jpg\" width=\"840\" height=\"840\" alt=\"\"\/><\/a><\/div><div class=\"rl-gallery-item\"><a href=\"https:\/\/www.olafboehme.art\/wp-content\/uploads\/2023\/12\/20231209_103058-1024x1024.jpg\" title=\"20231209_103058\" data-rl_title=\"20231209_103058\" class=\"rl-gallery-link\" data-rl_caption=\"\" data-rel=\"lightbox-gallery-1\"><img loading=\"lazy\" decoding=\"async\" src=\"https:\/\/www.olafboehme.art\/wp-content\/uploads\/2023\/12\/20231209_103058-1024x1024.jpg\" width=\"840\" height=\"840\" alt=\"\"\/><\/a><\/div><div class=\"rl-gallery-item\"><a href=\"https:\/\/www.olafboehme.art\/wp-content\/uploads\/2023\/12\/20231209_152018-1024x1024.jpg\" title=\"20231209_152018\" data-rl_title=\"20231209_152018\" class=\"rl-gallery-link\" data-rl_caption=\"\" data-rel=\"lightbox-gallery-1\"><img loading=\"lazy\" decoding=\"async\" src=\"https:\/\/www.olafboehme.art\/wp-content\/uploads\/2023\/12\/20231209_152018-1024x1024.jpg\" width=\"840\" height=\"840\" alt=\"\"\/><\/a><\/div><div class=\"rl-gallery-item\"><a href=\"https:\/\/www.olafboehme.art\/wp-content\/uploads\/2023\/12\/20231209_103047-1024x1024.jpg\" title=\"20231209_103047\" data-rl_title=\"20231209_103047\" class=\"rl-gallery-link\" data-rl_caption=\"\" data-rel=\"lightbox-gallery-1\"><img loading=\"lazy\" decoding=\"async\" src=\"https:\/\/www.olafboehme.art\/wp-content\/uploads\/2023\/12\/20231209_103047-1024x1024.jpg\" width=\"840\" height=\"840\" alt=\"\"\/><\/a><\/div><div class=\"rl-gallery-item\"><a href=\"https:\/\/www.olafboehme.art\/wp-content\/uploads\/2020\/05\/20231003_170758-1024x1024.jpg\" title=\"Fliederstrau\u00df (Privatbesitz)\" data-rl_title=\"Fliederstrau\u00df (Privatbesitz)\" class=\"rl-gallery-link\" data-rl_caption=\"\" data-rel=\"lightbox-gallery-1\"><img loading=\"lazy\" decoding=\"async\" src=\"https:\/\/www.olafboehme.art\/wp-content\/uploads\/2020\/05\/20231003_170758-1024x1024.jpg\" width=\"840\" height=\"840\" alt=\"\"\/><\/a><\/div><div class=\"rl-gallery-item\"><a href=\"https:\/\/www.olafboehme.art\/wp-content\/uploads\/2023\/12\/Pirna-bei-Nacht-819x1024.jpg\" title=\"Pirna bei Nacht (Privatbesitz)\" data-rl_title=\"Pirna bei Nacht (Privatbesitz)\" class=\"rl-gallery-link\" data-rl_caption=\"\" data-rel=\"lightbox-gallery-1\"><img loading=\"lazy\" decoding=\"async\" src=\"https:\/\/www.olafboehme.art\/wp-content\/uploads\/2023\/12\/Pirna-bei-Nacht-819x1024.jpg\" width=\"819\" height=\"1024\" alt=\"\"\/><\/a><\/div> <\/div> <\/div>\n","protected":false},"excerpt":{"rendered":"<p>Auch wenn es ein ziemlicher logistischer Aufwand in vorgeblich besinnlicher Zeit ist &#8211; es macht auch Spa\u00df. Und abseits von Verk\u00e4ufen bekommt man so viel nettes Feedback, dass es auch motivierend ist. Es ist einfach gut f\u00fcr die Seele, dass andere Menschen Freude an dem haben, wof\u00fcr man selbst brennt. Und sei es nur das &hellip; <a href=\"https:\/\/www.olafboehme.art\/?p=2217\" class=\"more-link\"><span class=\"screen-reader-text\">\u201eSch\u00f6n war es!\u201c <\/span>weiterlesen<\/a><\/p>\n","protected":false},"author":1,"featured_media":0,"comment_status":"closed","ping_status":"","sticky":false,"template":"","format":"standard","meta":{"footnotes":""},"categories":[12],"tags":[],"class_list":["post-2217","post","type-post","status-publish","format-standard","hentry","category-kunst"],"_links":{"self":[{"href":"https:\/\/www.olafboehme.art\/index.php?rest_route=\/wp\/v2\/posts\/2217","targetHints":{"allow":["GET"]}}],"collection":[{"href":"https:\/\/www.olafboehme.art\/index.php?rest_route=\/wp\/v2\/posts"}],"about":[{"href":"https:\/\/www.olafboehme.art\/index.php?rest_route=\/wp\/v2\/types\/post"}],"author":[{"embeddable":true,"href":"https:\/\/www.olafboehme.art\/index.php?rest_route=\/wp\/v2\/users\/1"}],"replies":[{"embeddable":true,"href":"https:\/\/www.olafboehme.art\/index.php?rest_route=%2Fwp%2Fv2%2Fcomments&post=2217"}],"version-history":[{"count":2,"href":"https:\/\/www.olafboehme.art\/index.php?rest_route=\/wp\/v2\/posts\/2217\/revisions"}],"predecessor-version":[{"id":2219,"href":"https:\/\/www.olafboehme.art\/index.php?rest_route=\/wp\/v2\/posts\/2217\/revisions\/2219"}],"wp:attachment":[{"href":"https:\/\/www.olafboehme.art\/index.php?rest_route=%2Fwp%2Fv2%2Fmedia&parent=2217"}],"wp:term":[{"taxonomy":"category","embeddable":true,"href":"https:\/\/www.olafboehme.art\/index.php?rest_route=%2Fwp%2Fv2%2Fcategories&post=2217"},{"taxonomy":"post_tag","embeddable":true,"href":"https:\/\/www.olafboehme.art\/index.php?rest_route=%2Fwp%2Fv2%2Ftags&post=2217"}],"curies":[{"name":"wp","href":"https:\/\/api.w.org\/{rel}","templated":true}]}}