{"id":1769,"date":"2023-09-29T19:29:04","date_gmt":"2023-09-29T19:29:04","guid":{"rendered":"https:\/\/olafboehme.art\/?p=1769"},"modified":"2023-09-29T19:30:49","modified_gmt":"2023-09-29T19:30:49","slug":"schoen-wenn-kreativitaet-abfaerbt","status":"publish","type":"post","link":"https:\/\/www.olafboehme.art\/?p=1769","title":{"rendered":"Sch\u00f6n, wenn Kreativit\u00e4t abf\u00e4rbt.."},"content":{"rendered":"\n<p>und mein Herr Vater sich selbst \u00fcbertrifft.<\/p>\n\n\n\n<figure class=\"wp-block-image size-large\"><img loading=\"lazy\" decoding=\"async\" width=\"1024\" height=\"1024\" src=\"https:\/\/olafboehme.art\/wp-content\/uploads\/2023\/09\/20230929_141158-1024x1024.jpg\" alt=\"\" class=\"wp-image-1770\" srcset=\"https:\/\/www.olafboehme.art\/wp-content\/uploads\/2023\/09\/20230929_141158-1024x1024.jpg 1024w, https:\/\/www.olafboehme.art\/wp-content\/uploads\/2023\/09\/20230929_141158-scaled-250x250.jpg 250w, https:\/\/www.olafboehme.art\/wp-content\/uploads\/2023\/09\/20230929_141158-scaled-100x100.jpg 100w, https:\/\/www.olafboehme.art\/wp-content\/uploads\/2023\/09\/20230929_141158-scaled-400x400.jpg 400w, https:\/\/www.olafboehme.art\/wp-content\/uploads\/2023\/09\/20230929_141158-300x300.jpg 300w, https:\/\/www.olafboehme.art\/wp-content\/uploads\/2023\/09\/20230929_141158-150x150.jpg 150w, https:\/\/www.olafboehme.art\/wp-content\/uploads\/2023\/09\/20230929_141158-768x768.jpg 768w, https:\/\/www.olafboehme.art\/wp-content\/uploads\/2023\/09\/20230929_141158-1536x1536.jpg 1536w, https:\/\/www.olafboehme.art\/wp-content\/uploads\/2023\/09\/20230929_141158-2048x2048.jpg 2048w, https:\/\/www.olafboehme.art\/wp-content\/uploads\/2023\/09\/20230929_141158-1200x1200.jpg 1200w\" sizes=\"auto, (max-width: 709px) 85vw, (max-width: 909px) 67vw, (max-width: 1362px) 62vw, 840px\" \/><\/figure>\n\n\n\n<figure class=\"wp-block-image size-large\"><img loading=\"lazy\" decoding=\"async\" width=\"1024\" height=\"1024\" src=\"https:\/\/olafboehme.art\/wp-content\/uploads\/2023\/09\/20230929_141202-1024x1024.jpg\" alt=\"\" class=\"wp-image-1771\" srcset=\"https:\/\/www.olafboehme.art\/wp-content\/uploads\/2023\/09\/20230929_141202-1024x1024.jpg 1024w, https:\/\/www.olafboehme.art\/wp-content\/uploads\/2023\/09\/20230929_141202-scaled-250x250.jpg 250w, https:\/\/www.olafboehme.art\/wp-content\/uploads\/2023\/09\/20230929_141202-scaled-100x100.jpg 100w, https:\/\/www.olafboehme.art\/wp-content\/uploads\/2023\/09\/20230929_141202-scaled-400x400.jpg 400w, https:\/\/www.olafboehme.art\/wp-content\/uploads\/2023\/09\/20230929_141202-300x300.jpg 300w, https:\/\/www.olafboehme.art\/wp-content\/uploads\/2023\/09\/20230929_141202-150x150.jpg 150w, https:\/\/www.olafboehme.art\/wp-content\/uploads\/2023\/09\/20230929_141202-768x768.jpg 768w, https:\/\/www.olafboehme.art\/wp-content\/uploads\/2023\/09\/20230929_141202-1536x1536.jpg 1536w, https:\/\/www.olafboehme.art\/wp-content\/uploads\/2023\/09\/20230929_141202-2048x2048.jpg 2048w, https:\/\/www.olafboehme.art\/wp-content\/uploads\/2023\/09\/20230929_141202-1200x1200.jpg 1200w\" sizes=\"auto, (max-width: 709px) 85vw, (max-width: 909px) 67vw, (max-width: 1362px) 62vw, 840px\" \/><\/figure>\n","protected":false},"excerpt":{"rendered":"<p>und mein Herr Vater sich selbst \u00fcbertrifft.<\/p>\n","protected":false},"author":1,"featured_media":0,"comment_status":"closed","ping_status":"","sticky":false,"template":"","format":"standard","meta":{"footnotes":""},"categories":[10],"tags":[],"class_list":["post-1769","post","type-post","status-publish","format-standard","hentry","category-gedanke-zum-tage"],"_links":{"self":[{"href":"https:\/\/www.olafboehme.art\/index.php?rest_route=\/wp\/v2\/posts\/1769","targetHints":{"allow":["GET"]}}],"collection":[{"href":"https:\/\/www.olafboehme.art\/index.php?rest_route=\/wp\/v2\/posts"}],"about":[{"href":"https:\/\/www.olafboehme.art\/index.php?rest_route=\/wp\/v2\/types\/post"}],"author":[{"embeddable":true,"href":"https:\/\/www.olafboehme.art\/index.php?rest_route=\/wp\/v2\/users\/1"}],"replies":[{"embeddable":true,"href":"https:\/\/www.olafboehme.art\/index.php?rest_route=%2Fwp%2Fv2%2Fcomments&post=1769"}],"version-history":[{"count":1,"href":"https:\/\/www.olafboehme.art\/index.php?rest_route=\/wp\/v2\/posts\/1769\/revisions"}],"predecessor-version":[{"id":1772,"href":"https:\/\/www.olafboehme.art\/index.php?rest_route=\/wp\/v2\/posts\/1769\/revisions\/1772"}],"wp:attachment":[{"href":"https:\/\/www.olafboehme.art\/index.php?rest_route=%2Fwp%2Fv2%2Fmedia&parent=1769"}],"wp:term":[{"taxonomy":"category","embeddable":true,"href":"https:\/\/www.olafboehme.art\/index.php?rest_route=%2Fwp%2Fv2%2Fcategories&post=1769"},{"taxonomy":"post_tag","embeddable":true,"href":"https:\/\/www.olafboehme.art\/index.php?rest_route=%2Fwp%2Fv2%2Ftags&post=1769"}],"curies":[{"name":"wp","href":"https:\/\/api.w.org\/{rel}","templated":true}]}}