{"id":1437,"date":"2023-06-05T20:24:24","date_gmt":"2023-06-05T20:24:24","guid":{"rendered":"https:\/\/olafboehme.art\/?p=1437"},"modified":"2023-06-08T09:24:00","modified_gmt":"2023-06-08T09:24:00","slug":"leben-im-alten-postamt","status":"publish","type":"post","link":"https:\/\/www.olafboehme.art\/?p=1437","title":{"rendered":"Leben im alten Postamt"},"content":{"rendered":"\n<p>Atelierbesuch bei Chris L\u00f6hmann in K\u00f6nigstein &#8211; wirklich beeindruckend, was man f\u00fcr eine dichte und zugleich filigrane Bilderwelt zwischen wei\u00df und schwarz zum Leben erwecken kann. Gleich wieder Lust zum Zeichnen wie in meiner Jugend bekommen. Naja, vielleicht beim Pleinair auf Poel. Was w\u00fcrde ich geben f\u00fcr einen solch genialen Raum mit gro\u00dfen Fenstern, hohen Decken, gusseisernen S\u00e4ulen und vor allem&#8230;Platz. Und immer wieder erfrischend, mal Unterhaltungen abseits des Alltags zu verfolgen und stets etwas dazu zu lernen. <\/p>\n\n\n\n<p><a href=\"https:\/\/www.chrisloehmann.com\">https:\/\/www.chrisloehmann.com<\/a><\/p>\n\n\n\n<p>aktuelle Ausstellung: <a href=\"https:\/\/www.kunstunderos.de\">https:\/\/www.kunstunderos.de<\/a> (bis 1. Juli)<\/p>\n\n\n\n<figure class=\"wp-block-image size-large\"><img loading=\"lazy\" decoding=\"async\" width=\"1024\" height=\"1024\" src=\"https:\/\/olafboehme.art\/wp-content\/uploads\/2023\/06\/20230605_214740-1024x1024.jpg\" alt=\"\" class=\"wp-image-1438\" srcset=\"https:\/\/www.olafboehme.art\/wp-content\/uploads\/2023\/06\/20230605_214740-1024x1024.jpg 1024w, https:\/\/www.olafboehme.art\/wp-content\/uploads\/2023\/06\/20230605_214740-scaled-250x250.jpg 250w, https:\/\/www.olafboehme.art\/wp-content\/uploads\/2023\/06\/20230605_214740-scaled-100x100.jpg 100w, https:\/\/www.olafboehme.art\/wp-content\/uploads\/2023\/06\/20230605_214740-scaled-400x400.jpg 400w, https:\/\/www.olafboehme.art\/wp-content\/uploads\/2023\/06\/20230605_214740-300x300.jpg 300w, https:\/\/www.olafboehme.art\/wp-content\/uploads\/2023\/06\/20230605_214740-150x150.jpg 150w, https:\/\/www.olafboehme.art\/wp-content\/uploads\/2023\/06\/20230605_214740-768x768.jpg 768w, https:\/\/www.olafboehme.art\/wp-content\/uploads\/2023\/06\/20230605_214740-1536x1536.jpg 1536w, https:\/\/www.olafboehme.art\/wp-content\/uploads\/2023\/06\/20230605_214740-2048x2048.jpg 2048w, https:\/\/www.olafboehme.art\/wp-content\/uploads\/2023\/06\/20230605_214740-1200x1200.jpg 1200w\" sizes=\"auto, (max-width: 709px) 85vw, (max-width: 909px) 67vw, (max-width: 1362px) 62vw, 840px\" \/><figcaption class=\"wp-element-caption\">Bekommt einen sch\u00f6nen Platz, danke Chris!<\/figcaption><\/figure>\n","protected":false},"excerpt":{"rendered":"<p>Atelierbesuch bei Chris L\u00f6hmann in K\u00f6nigstein &#8211; wirklich beeindruckend, was man f\u00fcr eine dichte und zugleich filigrane Bilderwelt zwischen wei\u00df und schwarz zum Leben erwecken kann. Gleich wieder Lust zum Zeichnen wie in meiner Jugend bekommen. Naja, vielleicht beim Pleinair auf Poel. Was w\u00fcrde ich geben f\u00fcr einen solch genialen Raum mit gro\u00dfen Fenstern, hohen &hellip; <a href=\"https:\/\/www.olafboehme.art\/?p=1437\" class=\"more-link\"><span class=\"screen-reader-text\">\u201eLeben im alten Postamt\u201c <\/span>weiterlesen<\/a><\/p>\n","protected":false},"author":1,"featured_media":0,"comment_status":"closed","ping_status":"","sticky":false,"template":"","format":"standard","meta":{"footnotes":""},"categories":[9,12],"tags":[],"class_list":["post-1437","post","type-post","status-publish","format-standard","hentry","category-kultur","category-kunst"],"_links":{"self":[{"href":"https:\/\/www.olafboehme.art\/index.php?rest_route=\/wp\/v2\/posts\/1437","targetHints":{"allow":["GET"]}}],"collection":[{"href":"https:\/\/www.olafboehme.art\/index.php?rest_route=\/wp\/v2\/posts"}],"about":[{"href":"https:\/\/www.olafboehme.art\/index.php?rest_route=\/wp\/v2\/types\/post"}],"author":[{"embeddable":true,"href":"https:\/\/www.olafboehme.art\/index.php?rest_route=\/wp\/v2\/users\/1"}],"replies":[{"embeddable":true,"href":"https:\/\/www.olafboehme.art\/index.php?rest_route=%2Fwp%2Fv2%2Fcomments&post=1437"}],"version-history":[{"count":2,"href":"https:\/\/www.olafboehme.art\/index.php?rest_route=\/wp\/v2\/posts\/1437\/revisions"}],"predecessor-version":[{"id":1441,"href":"https:\/\/www.olafboehme.art\/index.php?rest_route=\/wp\/v2\/posts\/1437\/revisions\/1441"}],"wp:attachment":[{"href":"https:\/\/www.olafboehme.art\/index.php?rest_route=%2Fwp%2Fv2%2Fmedia&parent=1437"}],"wp:term":[{"taxonomy":"category","embeddable":true,"href":"https:\/\/www.olafboehme.art\/index.php?rest_route=%2Fwp%2Fv2%2Fcategories&post=1437"},{"taxonomy":"post_tag","embeddable":true,"href":"https:\/\/www.olafboehme.art\/index.php?rest_route=%2Fwp%2Fv2%2Ftags&post=1437"}],"curies":[{"name":"wp","href":"https:\/\/api.w.org\/{rel}","templated":true}]}}