{"id":1424,"date":"2023-05-31T12:50:34","date_gmt":"2023-05-31T12:50:34","guid":{"rendered":"https:\/\/olafboehme.art\/?p=1424"},"modified":"2023-06-08T09:25:07","modified_gmt":"2023-06-08T09:25:07","slug":"die-flaeche-ernst-nehmen","status":"publish","type":"post","link":"https:\/\/www.olafboehme.art\/?p=1424","title":{"rendered":"&#8222;Die Fl\u00e4che ernst nehmen&#8220;"},"content":{"rendered":"\n<figure class=\"wp-block-embed is-type-video is-provider-youtube wp-block-embed-youtube wp-embed-aspect-16-9 wp-has-aspect-ratio\"><div class=\"wp-block-embed__wrapper\">\n<iframe loading=\"lazy\" title=\"Jonas Burgert Interview 2023 - Artist Weekend\" width=\"840\" height=\"473\" src=\"https:\/\/www.youtube.com\/embed\/NcKde8RPhAw?feature=oembed\" frameborder=\"0\" allow=\"accelerometer; autoplay; clipboard-write; encrypted-media; gyroscope; picture-in-picture; web-share\" allowfullscreen><\/iframe>\n<\/div><\/figure>\n\n\n\n<p>Na, nun werde ich wohl doch noch die schl\u00e4frig-gelangweilte Katze malen und \u00fcber die Fl\u00e4chen nachdenken. War gerade an dem Punkt stehengeblieben, dass die Figuren die &#8222;Geschichte&#8220; allein erz\u00e4hlen und der Rest im Kopf des Betrachters abl\u00e4uft. Sonst kann es auch schnell langweilig werden.<\/p>\n\n\n\n<figure class=\"wp-block-image size-large\"><img loading=\"lazy\" decoding=\"async\" width=\"1024\" height=\"1024\" src=\"http:\/\/olafboehme.art\/wp-content\/uploads\/2020\/05\/20230519_072203-1024x1024.jpg\" alt=\"\" class=\"wp-image-1398\" srcset=\"https:\/\/www.olafboehme.art\/wp-content\/uploads\/2020\/05\/20230519_072203-1024x1024.jpg 1024w, https:\/\/www.olafboehme.art\/wp-content\/uploads\/2020\/05\/20230519_072203-250x250.jpg 250w, https:\/\/www.olafboehme.art\/wp-content\/uploads\/2020\/05\/20230519_072203-100x100.jpg 100w, https:\/\/www.olafboehme.art\/wp-content\/uploads\/2020\/05\/20230519_072203-400x400.jpg 400w, https:\/\/www.olafboehme.art\/wp-content\/uploads\/2020\/05\/20230519_072203-300x300.jpg 300w, https:\/\/www.olafboehme.art\/wp-content\/uploads\/2020\/05\/20230519_072203-150x150.jpg 150w, https:\/\/www.olafboehme.art\/wp-content\/uploads\/2020\/05\/20230519_072203-768x768.jpg 768w, https:\/\/www.olafboehme.art\/wp-content\/uploads\/2020\/05\/20230519_072203-1536x1536.jpg 1536w, https:\/\/www.olafboehme.art\/wp-content\/uploads\/2020\/05\/20230519_072203-2048x2048.jpg 2048w, https:\/\/www.olafboehme.art\/wp-content\/uploads\/2020\/05\/20230519_072203-1200x1200.jpg 1200w\" sizes=\"auto, (max-width: 709px) 85vw, (max-width: 909px) 67vw, (max-width: 1362px) 62vw, 840px\" \/><figcaption class=\"wp-element-caption\">&#8222;ONS&#8220;<\/figcaption><\/figure>\n","protected":false},"excerpt":{"rendered":"<p>Na, nun werde ich wohl doch noch die schl\u00e4frig-gelangweilte Katze malen und \u00fcber die Fl\u00e4chen nachdenken. War gerade an dem Punkt stehengeblieben, dass die Figuren die &#8222;Geschichte&#8220; allein erz\u00e4hlen und der Rest im Kopf des Betrachters abl\u00e4uft. Sonst kann es auch schnell langweilig werden.<\/p>\n","protected":false},"author":1,"featured_media":0,"comment_status":"closed","ping_status":"","sticky":false,"template":"","format":"standard","meta":{"footnotes":""},"categories":[9,12],"tags":[],"class_list":["post-1424","post","type-post","status-publish","format-standard","hentry","category-kultur","category-kunst"],"_links":{"self":[{"href":"https:\/\/www.olafboehme.art\/index.php?rest_route=\/wp\/v2\/posts\/1424","targetHints":{"allow":["GET"]}}],"collection":[{"href":"https:\/\/www.olafboehme.art\/index.php?rest_route=\/wp\/v2\/posts"}],"about":[{"href":"https:\/\/www.olafboehme.art\/index.php?rest_route=\/wp\/v2\/types\/post"}],"author":[{"embeddable":true,"href":"https:\/\/www.olafboehme.art\/index.php?rest_route=\/wp\/v2\/users\/1"}],"replies":[{"embeddable":true,"href":"https:\/\/www.olafboehme.art\/index.php?rest_route=%2Fwp%2Fv2%2Fcomments&post=1424"}],"version-history":[{"count":2,"href":"https:\/\/www.olafboehme.art\/index.php?rest_route=\/wp\/v2\/posts\/1424\/revisions"}],"predecessor-version":[{"id":1455,"href":"https:\/\/www.olafboehme.art\/index.php?rest_route=\/wp\/v2\/posts\/1424\/revisions\/1455"}],"wp:attachment":[{"href":"https:\/\/www.olafboehme.art\/index.php?rest_route=%2Fwp%2Fv2%2Fmedia&parent=1424"}],"wp:term":[{"taxonomy":"category","embeddable":true,"href":"https:\/\/www.olafboehme.art\/index.php?rest_route=%2Fwp%2Fv2%2Fcategories&post=1424"},{"taxonomy":"post_tag","embeddable":true,"href":"https:\/\/www.olafboehme.art\/index.php?rest_route=%2Fwp%2Fv2%2Ftags&post=1424"}],"curies":[{"name":"wp","href":"https:\/\/api.w.org\/{rel}","templated":true}]}}