{"id":1130,"date":"2023-03-06T10:53:58","date_gmt":"2023-03-06T10:53:58","guid":{"rendered":"https:\/\/olafboehme.art\/?p=1130"},"modified":"2023-03-06T11:27:36","modified_gmt":"2023-03-06T11:27:36","slug":"eugen-schoenebeck-der-nicht-mehr-maler-sein-wollte","status":"publish","type":"post","link":"https:\/\/www.olafboehme.art\/?p=1130","title":{"rendered":"Eugen Sch\u00f6nebeck, der nicht mehr Maler sein wollte.."},"content":{"rendered":"\n<figure class=\"wp-block-embed is-type-video is-provider-youtube wp-block-embed-youtube wp-embed-aspect-16-9 wp-has-aspect-ratio\"><div class=\"wp-block-embed__wrapper\">\n<iframe loading=\"lazy\" title=\"Kunst nach 1945: Eugen Sch\u00f6nebeck\" width=\"840\" height=\"473\" src=\"https:\/\/www.youtube.com\/embed\/JiistKw5_W4?start=1&#038;feature=oembed\" frameborder=\"0\" allow=\"accelerometer; autoplay; clipboard-write; encrypted-media; gyroscope; picture-in-picture; web-share\" allowfullscreen><\/iframe>\n<\/div><\/figure>\n\n\n\n<p>Schon kurios, wenn man zu Dingen befragt wird, die Anfang der Sechziger des letzten Jahrhundert stattfanden. Sch\u00f6nebeck \u00e4u\u00dfert sich und sagt dabei eigentlich nichts. Nach dem Motto &#8222;Ich habe nichts mehr zu sagen, als sage ich nichts!&#8220; legte er kurz vor meiner Geburt die Pinsel aus der Hand und verschwand. Ich sage mal, wenn 10 Jahre reichen und man 55 Jahre sp\u00e4ter trotzdem seinen Platz in der Kunstgeschichte hat &#8211; da hat man nicht viel falsch gemacht.  Der lebende Gegenentwurf zu einem L\u00fcpertz.<\/p>\n\n\n\n<figure class=\"wp-block-embed is-type-wp-embed is-provider-stadel-blog wp-block-embed-stadel-blog\"><div class=\"wp-block-embed__wrapper\">\n<blockquote class=\"wp-embedded-content\" data-secret=\"b62yjhJKiD\"><a href=\"https:\/\/blog.staedelmuseum.de\/schoenebeck-sammler-hanspeter-rabe\/\">\u201eMehr kann doch ein Bild gar nicht bieten\u201c<\/a><\/blockquote><iframe loading=\"lazy\" class=\"wp-embedded-content\" sandbox=\"allow-scripts\" security=\"restricted\" style=\"position: absolute; clip: rect(1px, 1px, 1px, 1px);\" title=\"&#8222;\u201eMehr kann doch ein Bild gar nicht bieten\u201c&#8220; &#8212; St\u00e4del Blog\" src=\"https:\/\/blog.staedelmuseum.de\/schoenebeck-sammler-hanspeter-rabe\/embed\/#?secret=hyHLFINocV#?secret=b62yjhJKiD\" data-secret=\"b62yjhJKiD\" width=\"600\" height=\"338\" frameborder=\"0\" marginwidth=\"0\" marginheight=\"0\" scrolling=\"no\"><\/iframe>\n<\/div><\/figure>\n","protected":false},"excerpt":{"rendered":"<p>Schon kurios, wenn man zu Dingen befragt wird, die Anfang der Sechziger des letzten Jahrhundert stattfanden. Sch\u00f6nebeck \u00e4u\u00dfert sich und sagt dabei eigentlich nichts. Nach dem Motto &#8222;Ich habe nichts mehr zu sagen, als sage ich nichts!&#8220; legte er kurz vor meiner Geburt die Pinsel aus der Hand und verschwand. Ich sage mal, wenn 10 &hellip; <a href=\"https:\/\/www.olafboehme.art\/?p=1130\" class=\"more-link\"><span class=\"screen-reader-text\">\u201eEugen Sch\u00f6nebeck, der nicht mehr Maler sein wollte..\u201c <\/span>weiterlesen<\/a><\/p>\n","protected":false},"author":1,"featured_media":0,"comment_status":"open","ping_status":"open","sticky":false,"template":"","format":"standard","meta":{"footnotes":""},"categories":[12],"tags":[],"class_list":["post-1130","post","type-post","status-publish","format-standard","hentry","category-kunst"],"_links":{"self":[{"href":"https:\/\/www.olafboehme.art\/index.php?rest_route=\/wp\/v2\/posts\/1130","targetHints":{"allow":["GET"]}}],"collection":[{"href":"https:\/\/www.olafboehme.art\/index.php?rest_route=\/wp\/v2\/posts"}],"about":[{"href":"https:\/\/www.olafboehme.art\/index.php?rest_route=\/wp\/v2\/types\/post"}],"author":[{"embeddable":true,"href":"https:\/\/www.olafboehme.art\/index.php?rest_route=\/wp\/v2\/users\/1"}],"replies":[{"embeddable":true,"href":"https:\/\/www.olafboehme.art\/index.php?rest_route=%2Fwp%2Fv2%2Fcomments&post=1130"}],"version-history":[{"count":2,"href":"https:\/\/www.olafboehme.art\/index.php?rest_route=\/wp\/v2\/posts\/1130\/revisions"}],"predecessor-version":[{"id":1132,"href":"https:\/\/www.olafboehme.art\/index.php?rest_route=\/wp\/v2\/posts\/1130\/revisions\/1132"}],"wp:attachment":[{"href":"https:\/\/www.olafboehme.art\/index.php?rest_route=%2Fwp%2Fv2%2Fmedia&parent=1130"}],"wp:term":[{"taxonomy":"category","embeddable":true,"href":"https:\/\/www.olafboehme.art\/index.php?rest_route=%2Fwp%2Fv2%2Fcategories&post=1130"},{"taxonomy":"post_tag","embeddable":true,"href":"https:\/\/www.olafboehme.art\/index.php?rest_route=%2Fwp%2Fv2%2Ftags&post=1130"}],"curies":[{"name":"wp","href":"https:\/\/api.w.org\/{rel}","templated":true}]}}