{"id":1103,"date":"2023-02-28T11:04:32","date_gmt":"2023-02-28T11:04:32","guid":{"rendered":"https:\/\/olafboehme.art\/?p=1103"},"modified":"2023-02-28T11:33:36","modified_gmt":"2023-02-28T11:33:36","slug":"ich-liebe-dieses-video","status":"publish","type":"post","link":"https:\/\/www.olafboehme.art\/?p=1103","title":{"rendered":"Ich liebe dieses Video!"},"content":{"rendered":"\n<figure class=\"wp-block-embed is-type-video is-provider-youtube wp-block-embed-youtube wp-embed-aspect-16-9 wp-has-aspect-ratio\"><div class=\"wp-block-embed__wrapper\">\n<iframe loading=\"lazy\" title=\"Xavier Rudd - Stoney Creek\" width=\"840\" height=\"473\" src=\"https:\/\/www.youtube.com\/embed\/mcDWBckYN18?feature=oembed\" frameborder=\"0\" allow=\"accelerometer; autoplay; clipboard-write; encrypted-media; gyroscope; picture-in-picture; web-share\" allowfullscreen><\/iframe>\n<\/div><figcaption class=\"wp-element-caption\">Vor allem die Titelbildsequenz ab 3:57! Da werden Erinnerungen wach an Portugal-Reisen. Es waren unvergessliche Tage. Die Atlantikk\u00fcste, die vielen Nationalparks und G\u00e4rten, die Kl\u00f6ster, klapprige Standseilbahnen, Azulejos. Im Hafenbecken von Lagos schwamm ein Pinguin und abends in Silves spielte ein Band karibische Rhythmen in einem Cafe unterhalb des Castello. In Estoi die Begegnung mit der alten holl\u00e4ndischen Malerin, die mir in die Seele schaute und mich umarmte. Der Buchladen in Porto, Lissabon, &#8230; Es war magisch und wenn es einen Sehnsuchtsort gibt, dann muss er wohl in Portugal liegen.<\/figcaption><\/figure>\n\n\n\n<figure class=\"wp-block-image size-large\"><img loading=\"lazy\" decoding=\"async\" width=\"1024\" height=\"683\" src=\"http:\/\/olafboehme.art\/wp-content\/uploads\/2020\/05\/Korkeichen-1024x683.png\" alt=\"\" class=\"wp-image-64\" srcset=\"https:\/\/www.olafboehme.art\/wp-content\/uploads\/2020\/05\/Korkeichen-1024x683.png 1024w, https:\/\/www.olafboehme.art\/wp-content\/uploads\/2020\/05\/Korkeichen-250x167.png 250w, https:\/\/www.olafboehme.art\/wp-content\/uploads\/2020\/05\/Korkeichen-400x267.png 400w, https:\/\/www.olafboehme.art\/wp-content\/uploads\/2020\/05\/Korkeichen-300x200.png 300w, https:\/\/www.olafboehme.art\/wp-content\/uploads\/2020\/05\/Korkeichen-768x512.png 768w, https:\/\/www.olafboehme.art\/wp-content\/uploads\/2020\/05\/Korkeichen-1200x801.png 1200w\" sizes=\"auto, (max-width: 709px) 85vw, (max-width: 909px) 67vw, (max-width: 1362px) 62vw, 840px\" \/><figcaption class=\"wp-element-caption\">Korkeichenwald bei Evora<\/figcaption><\/figure>\n","protected":false},"excerpt":{"rendered":"","protected":false},"author":1,"featured_media":0,"comment_status":"open","ping_status":"open","sticky":false,"template":"","format":"standard","meta":{"footnotes":""},"categories":[10,13],"tags":[],"class_list":["post-1103","post","type-post","status-publish","format-standard","hentry","category-gedanke-zum-tage","category-musik"],"_links":{"self":[{"href":"https:\/\/www.olafboehme.art\/index.php?rest_route=\/wp\/v2\/posts\/1103","targetHints":{"allow":["GET"]}}],"collection":[{"href":"https:\/\/www.olafboehme.art\/index.php?rest_route=\/wp\/v2\/posts"}],"about":[{"href":"https:\/\/www.olafboehme.art\/index.php?rest_route=\/wp\/v2\/types\/post"}],"author":[{"embeddable":true,"href":"https:\/\/www.olafboehme.art\/index.php?rest_route=\/wp\/v2\/users\/1"}],"replies":[{"embeddable":true,"href":"https:\/\/www.olafboehme.art\/index.php?rest_route=%2Fwp%2Fv2%2Fcomments&post=1103"}],"version-history":[{"count":5,"href":"https:\/\/www.olafboehme.art\/index.php?rest_route=\/wp\/v2\/posts\/1103\/revisions"}],"predecessor-version":[{"id":1110,"href":"https:\/\/www.olafboehme.art\/index.php?rest_route=\/wp\/v2\/posts\/1103\/revisions\/1110"}],"wp:attachment":[{"href":"https:\/\/www.olafboehme.art\/index.php?rest_route=%2Fwp%2Fv2%2Fmedia&parent=1103"}],"wp:term":[{"taxonomy":"category","embeddable":true,"href":"https:\/\/www.olafboehme.art\/index.php?rest_route=%2Fwp%2Fv2%2Fcategories&post=1103"},{"taxonomy":"post_tag","embeddable":true,"href":"https:\/\/www.olafboehme.art\/index.php?rest_route=%2Fwp%2Fv2%2Ftags&post=1103"}],"curies":[{"name":"wp","href":"https:\/\/api.w.org\/{rel}","templated":true}]}}